{"id":17446,"date":"2022-10-12T11:47:26","date_gmt":"2022-10-12T14:47:26","guid":{"rendered":"https:\/\/chacosintesis.com.ar\/?p=17446"},"modified":"2022-10-12T12:06:49","modified_gmt":"2022-10-12T15:06:49","slug":"polini-capitanich-quiere-suspender-las-paso-porque-sabe-que-no-le-va-a-ir-bien","status":"publish","type":"post","link":"https:\/\/chacosintesis.com.ar\/index.php\/polini-capitanich-quiere-suspender-las-paso-porque-sabe-que-no-le-va-a-ir-bien\/","title":{"rendered":"Polini: Capitanich quiere suspender las paso porque sabe que no le va a ir bien"},"content":{"rendered":"<p>En una jornada de trabajo con referentes de los circuitos de la ciudad de Resistencia, el farmac\u00e9utico, empresario y precandidato a gobernador del Chaco, Juan Carlos Polini, abord\u00f3 una agenda de temas que \u201crequieren acciones urgentes porque est\u00e1n directamente vinculados a la calidad de vida de los vecinos\u201d.  Tambi\u00e9n se hizo eco de las recientes declaraciones del gobernador Jorge Capitanich respecto de la suspensi\u00f3n de las elecciones primarias abiertas simult\u00e1neas y obligatorias (PASO).<br \/>\nJunto a los dirigentes de la ciudad Polini diagram\u00f3 actividades \u201cLa pol\u00edtica debe estar al servicio de los ciudadanos y no al rev\u00e9s como ocurre hace a\u00f1os en esta provincia, vivimos en un estado de anarqu\u00eda y degradaci\u00f3n econ\u00f3mica, social e institucional como nunca antes hemos visto,  frente a esta situaci\u00f3n los ciudadanos  no quieren escuchar lo mal que la est\u00e1n pasando porque ya lo saben, lo viven d\u00eda a d\u00eda, esperan que la pol\u00edtica est\u00e9 a la altura de las circunstancias,  menos palabrer\u00edo y mas acciones concretas,  esta es la manera en la que estamos trabajando, recorriendo el Chaco, escuchando y compartiendo nuestras propuestas\u201d<br \/>\nTambi\u00e9n se refiri\u00f3 a las recientes declaraciones del gobernador Jorge Capitanich  respecto de las elecciones PASO \u201cLas quiere suspender porque sabe que no le va a ir bien,  hace un uso  conveniente de los mecanismos de participaci\u00f3n ciudadana que brinda la democracia de acuerdo a sus intereses personales,  eliminar las PASO perjudica a los ciudadanos que ver\u00e1n cercenado su derecho a elegir a quien consideren la mejor opci\u00f3n para liderar el cambio que necesita nuestra provincia\u201d<\/p>\n","protected":false},"excerpt":{"rendered":"<p>En una jornada de trabajo con referentes de los circuitos de la ciudad de Resistencia, el farmac\u00e9utico, empresario y precandidato a gobernador del Chaco, Juan Carlos Polini, abord\u00f3 una agenda de temas que \u201crequieren acciones urgentes porque est\u00e1n directamente vinculados a la calidad de vida de los vecinos\u201d. Tambi\u00e9n se hizo eco de las recientes [&hellip;]<\/p>\n","protected":false},"author":1,"featured_media":17447,"comment_status":"closed","ping_status":"closed","sticky":false,"template":"","format":"standard","meta":{"footnotes":""},"categories":[6],"tags":[],"class_list":{"0":"post-17446","1":"post","2":"type-post","3":"status-publish","4":"format-standard","5":"has-post-thumbnail","7":"category-chaco"},"_links":{"self":[{"href":"https:\/\/chacosintesis.com.ar\/index.php\/wp-json\/wp\/v2\/posts\/17446","targetHints":{"allow":["GET"]}}],"collection":[{"href":"https:\/\/chacosintesis.com.ar\/index.php\/wp-json\/wp\/v2\/posts"}],"about":[{"href":"https:\/\/chacosintesis.com.ar\/index.php\/wp-json\/wp\/v2\/types\/post"}],"author":[{"embeddable":true,"href":"https:\/\/chacosintesis.com.ar\/index.php\/wp-json\/wp\/v2\/users\/1"}],"replies":[{"embeddable":true,"href":"https:\/\/chacosintesis.com.ar\/index.php\/wp-json\/wp\/v2\/comments?post=17446"}],"version-history":[{"count":0,"href":"https:\/\/chacosintesis.com.ar\/index.php\/wp-json\/wp\/v2\/posts\/17446\/revisions"}],"wp:featuredmedia":[{"embeddable":true,"href":"https:\/\/chacosintesis.com.ar\/index.php\/wp-json\/wp\/v2\/media\/17447"}],"wp:attachment":[{"href":"https:\/\/chacosintesis.com.ar\/index.php\/wp-json\/wp\/v2\/media?parent=17446"}],"wp:term":[{"taxonomy":"category","embeddable":true,"href":"https:\/\/chacosintesis.com.ar\/index.php\/wp-json\/wp\/v2\/categories?post=17446"},{"taxonomy":"post_tag","embeddable":true,"href":"https:\/\/chacosintesis.com.ar\/index.php\/wp-json\/wp\/v2\/tags?post=17446"}],"curies":[{"name":"wp","href":"https:\/\/api.w.org\/{rel}","templated":true}]}}