{"id":17440,"date":"2022-10-12T09:54:15","date_gmt":"2022-10-12T12:54:15","guid":{"rendered":"https:\/\/chacosintesis.com.ar\/?p=17440"},"modified":"2022-10-12T10:07:33","modified_gmt":"2022-10-12T13:07:33","slug":"violencia-laboral-en-el-tribunal-de-cuentasun-organismo-del-estado-debe-erradicar-la-violencia-de-genero","status":"publish","type":"post","link":"https:\/\/chacosintesis.com.ar\/index.php\/violencia-laboral-en-el-tribunal-de-cuentasun-organismo-del-estado-debe-erradicar-la-violencia-de-genero\/","title":{"rendered":"Violencia laboral en el Tribunal de Cuentas:&#8221;Un organismo del Estado debe erradicar la violencia de g\u00e9nero&#8221;"},"content":{"rendered":"<p>El abogado de Carola Urlich, la mujer que denunci\u00f3 maltrato y amena[1]zas de su jefe, Luis Mar\u00eda del Cerro, explic\u00f3 argumentos de la causa.<br \/>\nEl tema cobr\u00f3 repercusi\u00f3n nacional a partir de la publicaci\u00f3n de NORTE que titul\u00f3 con una frase proferida por un jer\u00e1rquico a su subordinada: \u2018Hacete las tetas\u2018.<br \/>\nEste martes 11 la damnificada y su abogado en rueda de prensa expusieron m\u00e1s detalles de la causa e insistieron en los argumentos que la sustentan. Carola Urlich cont\u00f3 que por meses padeci\u00f3 destratos y amenazas antes de pedir licencia en el Tribunal de Cuentas del Chaco.<br \/>\nDespu\u00e9s continu\u00f3 luchando en la justicia para mantener su puesto de trabajo mientras ve\u00eda que amenazaban a compa\u00f1eros que declararon a su favor.<br \/>\n\u2018Nuestro planteo siempre fue la situaci\u00f3n de violencia hacia las mujeres no una cuesti\u00f3n laboral, aunque se haya producido en un \u00e1mbito de trabajo\u2018, enunci\u00f3 Juan Arreg\u00edn, abogado de Urlich.<br \/>\nAl tomar estado p\u00fablico la situaci\u00f3n en medios nacionales, m\u00e1s una carta con descargo del imputado Luis Mar\u00eda del Cerro, el abogado indic\u00f3 que busca visibilizar que el Tribunal de Cuentas, como ente del Estado, tiene la obligaci\u00f3n de proteger a las mujeres y concientizar sobre el tema.<br \/>\nPOR SALUD MENTAL<br \/>\nArreg\u00edn agreg\u00f3 informaci\u00f3n complementaria a la causa que busca demostrar los perjuicios que sufri\u00f3 la contadora.<br \/>\n\u2018Logramos demostrar que hubo lesiones psicol\u00f3gicas y por eso pedimos ampliar la imputaci\u00f3n, ya no solo por violencia de g\u00e9nero sino tambi\u00e9n por lesiones graves que perjudican la salud psicol\u00f3gica de Urlich\u2018, describi\u00f3.<br \/>\nUrlich retom\u00f3 la descripci\u00f3n de los primeros momentos en que considera era viable un entendimiento.<br \/>\n&#8220;Por recomendaci\u00f3n m\u00e9dica tom\u00e9 licencia y al d\u00eda siguiente me quitaron la subrogancia que ven\u00eda cumpliendo, desintegraron mi equipo y repartieron las causas que atend\u00eda&#8221;, analiza.<br \/>\nSITUACI\u00d3N L\u00cdMITE<br \/>\nLa mujer hizo un alto para recordar que a pesar de las hostilidades que sigui\u00f3 recibiendo todav\u00eda estaba dispuesta a conciliar posiciones si la cambiaran de lugar y se tomaban las medidas correspondientes.<br \/>\nLa gota que rebals\u00f3 el vaso se produjo el d\u00eda que su superior la convoc\u00f3 a la oficina de \u00e9l y le profiri\u00f3 una amenaza. &#8220;Dijo que si no levantaba la denuncia en el Tribunal, me iba a abrir un sumario administrativo o a una denuncia penal, entre otras cuestiones&#8221; .<br \/>\n&#8220;Ah\u00ed dije basta y fui a la justicia para exponer en lo contencioso administrativo que me hab\u00edan quitado las cuentas, y con una cautelar se oblig\u00f3 al Tribunal a que me las devuelvan y la subrogancia tambi\u00e9n.<br \/>\nArreg\u00edn insiste: &#8220;Hay un inter\u00e9s claro de proteger a Del Cerro, que tiene antecedentes de trato despectivo a las mujeres. Nos llama la atenci\u00f3n en un Estado que defiende los derechos de las mujeres&#8221; .<br \/>\nUrlich: &#8220;Perjudican a otras personas&#8221;<br \/>\nCarola Urlich trabaja hace nueve a\u00f1os en el Tribunal de Cuentas de la provincia, ingres\u00f3 por concurso y rindi\u00f3 otros m\u00e1s para ascender.<br \/>\nEn respuesta a descalificaciones se\u00f1ala las carpetas sobre la mesa para enfatizar: &#8220;Hablo en base a hechos y datos. Present\u00e9 diez expedientes en el Tribunal de Cuentas y todos fueron archivados&#8221;.<br \/>\nLa primera informaci\u00f3n sumaria que pidi\u00f3 fue a partir del maltrato que recibi\u00f3 despu\u00e9s de rendir un examen para cubrir un cargo de fiscal. \u00c9l coment\u00f3 por qu\u00e9 le hab\u00eda ido tan mal ella pregunt\u00f3 por qu\u00e9 la quer\u00eda hacer sentir mal.<br \/>\n\u2018Me molestan las mujeres como vos, que por las tardes miran novelas\u2018 , le respondi\u00f3 antes de simular que era una broma. &#8220;Fue una violencia inusitada&#8221;, recuerda Urlich.<br \/>\nDespu\u00e9s los vocales de la sala 1 (C\u00e1ceres y Pavich) cerraron el expediente envi\u00e1ndola a reflexionar, entendiendo que los insultos son subjetivos e interpretados seg\u00fan quien los recibe.<br \/>\nLa mujer menciona el caso de una persona a quien Del Cerro facilit\u00f3 el acceso a una subrogancia y que por atestiguar a favor de Urlich se la quit\u00f3. &#8220;Por denunciar el maltrato de un superior, todo el tribunal archiva expedientes y perjudican a otras personas<br \/>\nIntenso recorrido del expediente en la Justicia<br \/>\nLa primera denuncia se present\u00f3 en septiembre de 2021 ante la fiscal\u00eda especializada N\u00ba 11. En noviembre se expusieron pruebas. Compa\u00f1eros de trabajo, psiquiatra y psic\u00f3logo forense, atestiguaron.<br \/>\nLuego la fiscal\u00eda desestim\u00f3 el caso y el expediente pas\u00f3 a la fiscal\u00eda N\u00ba 3, que en mayo de este a\u00f1o se pronunci\u00f3 en similar sentido y archiv\u00f3 la causa.<br \/>\nUrlich acude a la c\u00e1mara de apelaciones que tom\u00f3 el caso, orden\u00f3 el desarchivo, cit\u00f3 al imputado y recomend\u00f3 dar participaci\u00f3n a la oficina de g\u00e9nero del poder judicial.<br \/>\nLa defensa apel\u00f3 y fue al STJ, proponiendo juicio pol\u00edtico a la jueza.<br \/>\nDiarioNorte.-<\/p>\n","protected":false},"excerpt":{"rendered":"<p>El abogado de Carola Urlich, la mujer que denunci\u00f3 maltrato y amena[1]zas de su jefe, Luis Mar\u00eda del Cerro, explic\u00f3 argumentos de la causa. El tema cobr\u00f3 repercusi\u00f3n nacional a partir de la publicaci\u00f3n de NORTE que titul\u00f3 con una frase proferida por un jer\u00e1rquico a su subordinada: \u2018Hacete las tetas\u2018. Este martes 11 la [&hellip;]<\/p>\n","protected":false},"author":1,"featured_media":17441,"comment_status":"closed","ping_status":"closed","sticky":false,"template":"","format":"standard","meta":{"footnotes":""},"categories":[6],"tags":[],"class_list":{"0":"post-17440","1":"post","2":"type-post","3":"status-publish","4":"format-standard","5":"has-post-thumbnail","7":"category-chaco"},"_links":{"self":[{"href":"https:\/\/chacosintesis.com.ar\/index.php\/wp-json\/wp\/v2\/posts\/17440","targetHints":{"allow":["GET"]}}],"collection":[{"href":"https:\/\/chacosintesis.com.ar\/index.php\/wp-json\/wp\/v2\/posts"}],"about":[{"href":"https:\/\/chacosintesis.com.ar\/index.php\/wp-json\/wp\/v2\/types\/post"}],"author":[{"embeddable":true,"href":"https:\/\/chacosintesis.com.ar\/index.php\/wp-json\/wp\/v2\/users\/1"}],"replies":[{"embeddable":true,"href":"https:\/\/chacosintesis.com.ar\/index.php\/wp-json\/wp\/v2\/comments?post=17440"}],"version-history":[{"count":0,"href":"https:\/\/chacosintesis.com.ar\/index.php\/wp-json\/wp\/v2\/posts\/17440\/revisions"}],"wp:featuredmedia":[{"embeddable":true,"href":"https:\/\/chacosintesis.com.ar\/index.php\/wp-json\/wp\/v2\/media\/17441"}],"wp:attachment":[{"href":"https:\/\/chacosintesis.com.ar\/index.php\/wp-json\/wp\/v2\/media?parent=17440"}],"wp:term":[{"taxonomy":"category","embeddable":true,"href":"https:\/\/chacosintesis.com.ar\/index.php\/wp-json\/wp\/v2\/categories?post=17440"},{"taxonomy":"post_tag","embeddable":true,"href":"https:\/\/chacosintesis.com.ar\/index.php\/wp-json\/wp\/v2\/tags?post=17440"}],"curies":[{"name":"wp","href":"https:\/\/api.w.org\/{rel}","templated":true}]}}