{"id":17430,"date":"2022-09-29T10:42:00","date_gmt":"2022-09-29T13:42:00","guid":{"rendered":"https:\/\/chacosintesis.com.ar\/?p=17430"},"modified":"2022-10-11T09:51:06","modified_gmt":"2022-10-11T12:51:06","slug":"la-leonesa-en-un-microestadio-colmado-se-vivio-un-nuevo-sesionemos-juntos","status":"publish","type":"post","link":"https:\/\/chacosintesis.com.ar\/index.php\/la-leonesa-en-un-microestadio-colmado-se-vivio-un-nuevo-sesionemos-juntos\/","title":{"rendered":"La Leonesa: en un microestadio colmado se vivi\u00f3 un nuevo Sesionemos Juntos"},"content":{"rendered":"\n<p>El Poder Legislativo contin\u00faa recorriendo cada rinc\u00f3n de la provincia con el programa Sesionemos Juntos, este mi\u00e9rcoles, en el microestadio La Leonesa, de la localidad hom\u00f3nima, colmado de j\u00f3venes, alumnos, maestros y personalidades destacadas. Los representantes del pueblo del Chaco desarrollaron una sesi\u00f3n itinerante sancionando nueve iniciativas importantes para las y los chaque\u00f1os.<\/p>\n\n\n\n<p>La visita de la Casa de la Democracia comenz\u00f3 con el arribo a la municipalidad local, donde se descubri\u00f3 una placa conmemorativa y la presidenta Elida Cuesta, junto a las y los legisladores de distintos bloques pol\u00edticos, reconoci\u00f3 al intendente Jos\u00e9 Carbajal y a las y los concejales.<\/p>\n\n\n\n<p>M\u00e1s tarde, la comitiva visit\u00f3 el mercado campesino, homenaje\u00f3 a personalidades destacadas de la comunidad en el centro cultural, visit\u00f3 la arrocera Oryza SA y recorri\u00f3 el Centro Integral Comunitario (CIC). Adem\u00e1s, antes de la sesi\u00f3n, las y los legisladores entregaron constituciones a los alumnos de las escuelas secundarias N\u00b0 183 Zunilda Yubert Navarro y N\u00b0 35 Comunidad de La Leonesa.<\/p>\n\n\n\n<p>Cuesta destac\u00f3 el crecimiento de la localidad y el potencial productivo del pueblo leonese\u00f1o. &#8220;Estuvimos con emprendedores y artesanos locales, es fundamental reconocer la actividad que desarrolla este sector. Esto es lo valorable de este programa, estar cerca de la gente para que nos conozca, sepa el trabajo que desarrollan las y los legisladores, nos acerque sus inquietudes y sobre qu\u00e9 temas quiere que legislemos&#8221;, manifest\u00f3.<\/p>\n\n\n\n<p>Adem\u00e1s, valor\u00f3 el crecimiento de Sesionemos Juntos y el reconocimiento a las personalidades de la localidad, otra particularidad del programa. &#8220;Es importante reconocer a las y los vecinos, a las instituciones, a los clubes, deportistas y artistas; y tambi\u00e9n, como siempre lo hacemos, a excombatientes de Malvinas&#8221;, asegur\u00f3 la legisladora.<\/p>\n\n\n\n<p>Una muestra de madurez pol\u00edtica<\/p>\n\n\n\n<p>La diputada oriunda de la localidad, Elda Insaurralde, agradeci\u00f3 la voluntad pol\u00edtica de la presidenta Elida Cuesta de recorrer el interior provincial y cumplir su compromiso de visitar La Leonesa. \u201cMostrar la potencialidad de nuestra localidad, compartir con los estudiantes, con los vecinos y vecinas me llena de orgullo porque trabajamos todos los d\u00edas para que La Leonesa siga creciendo y la visita de nuestra Casa de la Democracia nos permite visibilizarlo a toda la provincia\u201d, asever\u00f3.<\/p>\n\n\n\n<p>Por \u00faltimo, la diputada Alicia Digiuni resalt\u00f3 al programa y remarc\u00f3 que el mismo permite a las y los legisladores acercarse a la gente mostrando un gesto de madurez pol\u00edtica. &#8220;Si somos conscientes de la situaci\u00f3n que se est\u00e1 viviendo tenemos que apelar a la madurez pol\u00edtica. Toda la dirigencia se tiene que llamar a la reflexi\u00f3n, somos nosotros los que debemos dar el ejemplo\u201d.<\/p>\n\n\n\n<p>En este sentido, afirm\u00f3 que \u201cun gran sector est\u00e1 esperando que nosotros podamos ser cr\u00edticos racionales de la situaci\u00f3n y espera soluciones. El pueblo se tiene que unir para sacar al pa\u00eds adelante y nosotros somos los primeros que debemos demostrar una actitud diferente&#8221;, cerr\u00f3.<\/p>\n\n\n\n<p>Trabajo conjunto necesario<\/p>\n\n\n\n<p>El intendente de La Leonesa, Jos\u00e9 Carbajal, destac\u00f3 la posibilidad de acercar a los representantes de la Casa de la Democracia a los pueblos que tienen mucho potencial para mostrar y trabajar juntos. &#8220;Ven de manera directa las cosas que estamos haciendo y lo que necesitamos para seguir creciendo. Fundamentalmente de todas las expresiones pol\u00edticas con la seguridad de que se allanan los caminos para llegar a los beneficios comunes de la sociedad&#8221;, remarc\u00f3.<\/p>\n\n\n\n<p>Al mismo tiempo Carbajal manifest\u00f3 que la potencialidad hoy est\u00e1 puesta en la uni\u00f3n de todos los pol\u00edticos para que se enteren cu\u00e1les son los objetivos y que &#8220;desde ah\u00ed en m\u00e1s sea la \u00fanica forma que podamos salir adelante en esta crisis que viene arrasando el mundo, esta es la manera&#8221;, afirm\u00f3.<\/p>\n","protected":false},"excerpt":{"rendered":"<p>El Poder Legislativo contin\u00faa recorriendo cada rinc\u00f3n de la provincia con el programa Sesionemos Juntos, este mi\u00e9rcoles, en el microestadio La Leonesa, de la localidad hom\u00f3nima, colmado de j\u00f3venes, alumnos, maestros y personalidades destacadas. Los representantes del pueblo del Chaco desarrollaron una sesi\u00f3n itinerante sancionando nueve iniciativas importantes para las y los chaque\u00f1os. La visita [&hellip;]<\/p>\n","protected":false},"author":1,"featured_media":17431,"comment_status":"closed","ping_status":"closed","sticky":false,"template":"","format":"standard","meta":{"footnotes":""},"categories":[6],"tags":[],"class_list":{"0":"post-17430","1":"post","2":"type-post","3":"status-publish","4":"format-standard","5":"has-post-thumbnail","7":"category-chaco"},"_links":{"self":[{"href":"https:\/\/chacosintesis.com.ar\/index.php\/wp-json\/wp\/v2\/posts\/17430","targetHints":{"allow":["GET"]}}],"collection":[{"href":"https:\/\/chacosintesis.com.ar\/index.php\/wp-json\/wp\/v2\/posts"}],"about":[{"href":"https:\/\/chacosintesis.com.ar\/index.php\/wp-json\/wp\/v2\/types\/post"}],"author":[{"embeddable":true,"href":"https:\/\/chacosintesis.com.ar\/index.php\/wp-json\/wp\/v2\/users\/1"}],"replies":[{"embeddable":true,"href":"https:\/\/chacosintesis.com.ar\/index.php\/wp-json\/wp\/v2\/comments?post=17430"}],"version-history":[{"count":0,"href":"https:\/\/chacosintesis.com.ar\/index.php\/wp-json\/wp\/v2\/posts\/17430\/revisions"}],"wp:featuredmedia":[{"embeddable":true,"href":"https:\/\/chacosintesis.com.ar\/index.php\/wp-json\/wp\/v2\/media\/17431"}],"wp:attachment":[{"href":"https:\/\/chacosintesis.com.ar\/index.php\/wp-json\/wp\/v2\/media?parent=17430"}],"wp:term":[{"taxonomy":"category","embeddable":true,"href":"https:\/\/chacosintesis.com.ar\/index.php\/wp-json\/wp\/v2\/categories?post=17430"},{"taxonomy":"post_tag","embeddable":true,"href":"https:\/\/chacosintesis.com.ar\/index.php\/wp-json\/wp\/v2\/tags?post=17430"}],"curies":[{"name":"wp","href":"https:\/\/api.w.org\/{rel}","templated":true}]}}