{"id":17427,"date":"2022-09-26T11:41:00","date_gmt":"2022-09-26T14:41:00","guid":{"rendered":"https:\/\/chacosintesis.com.ar\/?p=17427"},"modified":"2022-10-11T09:42:40","modified_gmt":"2022-10-11T12:42:40","slug":"sesionemos-juntos-la-leonesa-sera-la-sede-de-una-nueva-sesion-itinerante","status":"publish","type":"post","link":"https:\/\/chacosintesis.com.ar\/index.php\/sesionemos-juntos-la-leonesa-sera-la-sede-de-una-nueva-sesion-itinerante\/","title":{"rendered":"Sesionemos Juntos: La Leonesa ser\u00e1 la sede de una nueva sesi\u00f3n itinerante"},"content":{"rendered":"\n<p>Con la premisa de llegar a cada rinc\u00f3n de la provincia con el programa Sesionemos Juntos, el Poder Legislativo sesionar\u00e1 este mi\u00e9rcoles 28, a las 14, en el microestadio municipal ubicado en ruta 56 kil\u00f3metro 16,5. La sesi\u00f3n podr\u00e1 ser seguida en vivo por las redes sociales: Instagram: legislaturachaco, Facebook: Poder Legislativo del Chaco, YouTube: Prensa Poder Legislativo Chaco y Twitter: @plegischaco, adem\u00e1s de la p\u00e1gina oficial www.legislaturachaco.gov.ar.<\/p>\n\n\n\n<p>La presidenta del Poder Legislativo, Elida Cuesta, asegur\u00f3 que es fundamental que las y los diputados recorran la provincia para estar cerca de las y los productores, emprendedores y de toda la gente que da trabajo. \u201cEl pueblo espera que sus representantes atiendan sus demandas, y por eso es importante estar cerca de ellos acompa\u00f1ando a todos los sectores, pero, sobre todo, apoyando a las y los chaque\u00f1os que producen y generan trabajo\u201d, manifest\u00f3 la legisladora.<\/p>\n\n\n\n<p>Asimismo, Cuesta agreg\u00f3 que recibir las inquietudes y preguntas de los ciudadanos &#8220;nos obliga a rendir cuentas como representantes del pueblo. Ojal\u00e1 podamos despertar en ellas y ellos el inter\u00e9s por la buena pol\u00edtica, que no es m\u00e1s que servir al pr\u00f3jimo\u201d, asever\u00f3.<\/p>\n","protected":false},"excerpt":{"rendered":"<p>Con la premisa de llegar a cada rinc\u00f3n de la provincia con el programa Sesionemos Juntos, el Poder Legislativo sesionar\u00e1 este mi\u00e9rcoles 28, a las 14, en el microestadio municipal ubicado en ruta 56 kil\u00f3metro 16,5. La sesi\u00f3n podr\u00e1 ser seguida en vivo por las redes sociales: Instagram: legislaturachaco, Facebook: Poder Legislativo del Chaco, YouTube: [&hellip;]<\/p>\n","protected":false},"author":1,"featured_media":17428,"comment_status":"closed","ping_status":"closed","sticky":false,"template":"","format":"standard","meta":{"footnotes":""},"categories":[6],"tags":[],"class_list":{"0":"post-17427","1":"post","2":"type-post","3":"status-publish","4":"format-standard","5":"has-post-thumbnail","7":"category-chaco"},"_links":{"self":[{"href":"https:\/\/chacosintesis.com.ar\/index.php\/wp-json\/wp\/v2\/posts\/17427","targetHints":{"allow":["GET"]}}],"collection":[{"href":"https:\/\/chacosintesis.com.ar\/index.php\/wp-json\/wp\/v2\/posts"}],"about":[{"href":"https:\/\/chacosintesis.com.ar\/index.php\/wp-json\/wp\/v2\/types\/post"}],"author":[{"embeddable":true,"href":"https:\/\/chacosintesis.com.ar\/index.php\/wp-json\/wp\/v2\/users\/1"}],"replies":[{"embeddable":true,"href":"https:\/\/chacosintesis.com.ar\/index.php\/wp-json\/wp\/v2\/comments?post=17427"}],"version-history":[{"count":0,"href":"https:\/\/chacosintesis.com.ar\/index.php\/wp-json\/wp\/v2\/posts\/17427\/revisions"}],"wp:featuredmedia":[{"embeddable":true,"href":"https:\/\/chacosintesis.com.ar\/index.php\/wp-json\/wp\/v2\/media\/17428"}],"wp:attachment":[{"href":"https:\/\/chacosintesis.com.ar\/index.php\/wp-json\/wp\/v2\/media?parent=17427"}],"wp:term":[{"taxonomy":"category","embeddable":true,"href":"https:\/\/chacosintesis.com.ar\/index.php\/wp-json\/wp\/v2\/categories?post=17427"},{"taxonomy":"post_tag","embeddable":true,"href":"https:\/\/chacosintesis.com.ar\/index.php\/wp-json\/wp\/v2\/tags?post=17427"}],"curies":[{"name":"wp","href":"https:\/\/api.w.org\/{rel}","templated":true}]}}