{"id":17420,"date":"2022-09-23T16:36:00","date_gmt":"2022-09-23T19:36:00","guid":{"rendered":"https:\/\/chacosintesis.com.ar\/?p=17420"},"modified":"2022-10-11T09:38:27","modified_gmt":"2022-10-11T12:38:27","slug":"cuesta-resalto-la-necesidad-de-alcanzar-objetivos-comunes-para-consolidar-una-patria-grande-mas-inclusiva","status":"publish","type":"post","link":"https:\/\/chacosintesis.com.ar\/index.php\/cuesta-resalto-la-necesidad-de-alcanzar-objetivos-comunes-para-consolidar-una-patria-grande-mas-inclusiva\/","title":{"rendered":"Cuesta resalt\u00f3 la necesidad de alcanzar objetivos comunes para consolidar una Patria grande m\u00e1s inclusiva"},"content":{"rendered":"\n<p>Junto a representantes de nueve provincias del norte del pa\u00eds, el Poder Legislativo del Chaco estuvo presente en un nuevo Plenario del Parlamento del Norte Grande, que se desarroll\u00f3 este viernes en el predio ferial de San Fernando del Valle de Catamarca. La delegaci\u00f3n chaque\u00f1a, encabezada por la presidenta Elida Cuesta, particip\u00f3 con 29 iniciativas legislativas, de las cuales 28 fueron aprobadas por unanimidad y abarcaban importantes tem\u00e1ticas fijadas por los ejes estrat\u00e9gicos de infraestructura, energ\u00eda, turismo, cultura y econom\u00eda popular, as\u00ed como de transporte, intercambio y relaciones internacionales.<br>En el plenario, desarrollado en tierras catamarque\u00f1as, nuevamente particip\u00f3 el jefe de Gabinete de Ministros de la Naci\u00f3n, Juan Manzur, quien estuvo acompa\u00f1ado por el ministro de Desarrollo Territorial y H\u00e1bitat, Jorge Ferraresi; y en la que adem\u00e1s estuvieron los vicegobernadores Florencia L\u00f3pez (La Rioja), Rub\u00e9n Dusso (Catamarca), Carlos Haquim (Jujuy), Antonio Marocco (Salta), Sergio Francisco Mansilla (Tucum\u00e1n), Eber Wilson Sol\u00eds (Formosa) y Carlos Silva Neder (Santiago del Estero); as\u00ed como el presidente de la C\u00e1mara de Diputados de Corrientes, Pedro Cassani; y el senador de Corrientes, Jorge Henry Fick. Por el Chaco participaron tambi\u00e9n las y los legisladores Roberto Acosta, Atlanto Honcheruk, Andrea Charole, Hugo Sager, Rodrigo Ocampo, Sebasti\u00e1n Lazarini, Zulma Galeano, Gustavo Corradi, Dorys Arkwright, Silvina Canteros Reiser y Juan Jos\u00e9 Bergia.<br>Cuesta remarc\u00f3 que el parlamento se constituye en una importante instituci\u00f3n para hacer escuchar la voz de cada uno de los argentinos que viven en el norte del pa\u00eds, y esto se logra por medio de la presentaci\u00f3n de iniciativas legislativas consensuadas con los distintos bloques pol\u00edticos. \u201cEs necesario que estos proyectos lleguen al Congreso de la Naci\u00f3n y que el Gobierno nacional busca implementarlas para brindar soluciones a miles de argentinas y argentinos de estas diez provincias\u201d, aclar\u00f3.<br>La titular legislativa no dud\u00f3 al expresar que, a pesar de las individualidades que puede tener cada provincia, las necesidades son similares y deben ser atendidas. \u201cTodos buscamos m\u00e1s viviendas, m\u00e1s agua potable, m\u00e1s escuelas, m\u00e1s v\u00edas para el ferrocarril y obras de infraestructura b\u00e1sica para mejorar la calidad de vida de nuestro pueblo con un objetivo com\u00fan\u201d, agreg\u00f3.<br>\u201cHay que trabajar por un pa\u00eds m\u00e1s federal y equitativo, por lo que creo que este Parlamento debe trabajar apuntalando las distintas econom\u00edas regionales, con la participaci\u00f3n de todos los sectores, incluido el privado\u201d, manifest\u00f3 Cuesta.<br>Adem\u00e1s, aclar\u00f3 que el sector p\u00fablico debe acompa\u00f1ar al sector privado, que es el encargado de generar empleo genuino y permite el real crecimiento de la Argentina. \u201cVamos a seguir trabajando para que entre todas y todos podamos alcanzar objetivos comunes, m\u00e1s all\u00e1 de nuestras diferencias, pensando en una Patria grande e inclusiva\u201d, culmin\u00f3.<\/p>\n\n\n\n<p>Pluralidad de voces<br>El diputado Gustavo Corradi consider\u00f3 de suma importancia la participaci\u00f3n de legisladoras y legisladores de distintos bloques pol\u00edticos en este Parlamento del Norte Grande, ya que gracias al trabajo de comisiones se puede avanzar en la aprobaci\u00f3n de iniciativas vitales para miles de argentinos del norte del pa\u00eds. \u201cLa \u00fanica forma de federalizar al pa\u00eds es esta, que las diez provincias del Norte Grande junten a sus parlamentarios para trabajar mancomunadamente en conjunto con las autoridades nacionales\u201d, agreg\u00f3<br>Por su parte, el legislador Bergia consider\u00f3 de suma importancia que el Chaco participe de este parlamento con un paquete de iniciativas consensuadas entre los distintos bloques. \u201cLas necesidades no tienen color pol\u00edtico, lo que necesitamos es una mirada federal como la que tiene hoy este gobierno nacional y culminar con las obras muy necesarias que se comenzaron en el pasado\u201d, asever\u00f3.<br>Resalt\u00f3 tambi\u00e9n que el \u00fanico objetivo de todos los representantes chaque\u00f1os es mejorar la calidad de vida de miles de argentinas y argentinos que habitan el Norte Grande y requieren soluciones a sus reclamos.<\/p>\n","protected":false},"excerpt":{"rendered":"<p>Junto a representantes de nueve provincias del norte del pa\u00eds, el Poder Legislativo del Chaco estuvo presente en un nuevo Plenario del Parlamento del Norte Grande, que se desarroll\u00f3 este viernes en el predio ferial de San Fernando del Valle de Catamarca. La delegaci\u00f3n chaque\u00f1a, encabezada por la presidenta Elida Cuesta, particip\u00f3 con 29 iniciativas [&hellip;]<\/p>\n","protected":false},"author":1,"featured_media":17425,"comment_status":"closed","ping_status":"closed","sticky":false,"template":"","format":"standard","meta":{"footnotes":""},"categories":[6],"tags":[],"class_list":{"0":"post-17420","1":"post","2":"type-post","3":"status-publish","4":"format-standard","5":"has-post-thumbnail","7":"category-chaco"},"_links":{"self":[{"href":"https:\/\/chacosintesis.com.ar\/index.php\/wp-json\/wp\/v2\/posts\/17420","targetHints":{"allow":["GET"]}}],"collection":[{"href":"https:\/\/chacosintesis.com.ar\/index.php\/wp-json\/wp\/v2\/posts"}],"about":[{"href":"https:\/\/chacosintesis.com.ar\/index.php\/wp-json\/wp\/v2\/types\/post"}],"author":[{"embeddable":true,"href":"https:\/\/chacosintesis.com.ar\/index.php\/wp-json\/wp\/v2\/users\/1"}],"replies":[{"embeddable":true,"href":"https:\/\/chacosintesis.com.ar\/index.php\/wp-json\/wp\/v2\/comments?post=17420"}],"version-history":[{"count":0,"href":"https:\/\/chacosintesis.com.ar\/index.php\/wp-json\/wp\/v2\/posts\/17420\/revisions"}],"wp:featuredmedia":[{"embeddable":true,"href":"https:\/\/chacosintesis.com.ar\/index.php\/wp-json\/wp\/v2\/media\/17425"}],"wp:attachment":[{"href":"https:\/\/chacosintesis.com.ar\/index.php\/wp-json\/wp\/v2\/media?parent=17420"}],"wp:term":[{"taxonomy":"category","embeddable":true,"href":"https:\/\/chacosintesis.com.ar\/index.php\/wp-json\/wp\/v2\/categories?post=17420"},{"taxonomy":"post_tag","embeddable":true,"href":"https:\/\/chacosintesis.com.ar\/index.php\/wp-json\/wp\/v2\/tags?post=17420"}],"curies":[{"name":"wp","href":"https:\/\/api.w.org\/{rel}","templated":true}]}}