{"id":17414,"date":"2022-09-20T11:29:00","date_gmt":"2022-09-20T14:29:00","guid":{"rendered":"https:\/\/chacosintesis.com.ar\/?p=17414"},"modified":"2022-10-11T09:31:25","modified_gmt":"2022-10-11T12:31:25","slug":"parlamento-del-norte-grande-las-y-los-diputados-chaquenos-llevaran-29-iniciativas-legislativas-al-plenario-de-catamarca","status":"publish","type":"post","link":"https:\/\/chacosintesis.com.ar\/index.php\/parlamento-del-norte-grande-las-y-los-diputados-chaquenos-llevaran-29-iniciativas-legislativas-al-plenario-de-catamarca\/","title":{"rendered":"Parlamento del Norte Grande: las y los diputados chaque\u00f1os llevar\u00e1n 29 iniciativas legislativas al plenario de Catamarca"},"content":{"rendered":"\n<p>Junto a parlamentarios de otras nueve provincias, las y los diputados chaque\u00f1os participar\u00e1n de un nuevo plenario del Parlamento del Norte Grande, que se realizar\u00e1 a partir de este jueves en San Fernando del Valle de Catamarca. Con 29 iniciativas legislativas presentadas, la delegaci\u00f3n chaque\u00f1a, encabezada por la presidenta Elida Cuesta, participar\u00e1 de las distintas comisiones de trabajo.<\/p>\n\n\n\n<p><br>Este encuentro se constituir\u00e1 en el segundo que se llevar\u00e1 adelante con la integraci\u00f3n de las y los parlamentarios del Chaco, Corrientes y Formosa, con sus pares de las provincias del NOA, entre las cuales se encuentran La Rioja, Catamarca, Salta, Jujuy, Tucum\u00e1n y Santiago del Estero.<\/p>\n\n\n\n<p><br>Adem\u00e1s de la titular de la Legislatura chaque\u00f1a, representar\u00e1n a la provincia Atlanto Honcheruk, Andrea Charole, Hugo Sager, Roberto Acosta, Rodrigo Ocampo, Zulma Galeano, Gustavo Corradi, Dorys Arkwright, Silvina Canteros Reiser, Sebasti\u00e1n Lazarini y Juan Jos\u00e9 Bergia.<\/p>\n\n\n\n<p><br>Cuesta destac\u00f3 la participaci\u00f3n de los parlamentarios chaque\u00f1os y la gran cantidad de iniciativas legislativas que fueron presentadas para el encuentro de Catamarca. \u201cLos proyectos que llevaremos son muy importantes y beneficiar\u00e1n no solo a las y los chaque\u00f1os, sino a los de toda la regi\u00f3n\u201d, explic\u00f3 la legisladora.<\/p>\n\n\n\n<p><br>Las y los diputados chaque\u00f1os de las distintas bancadas pol\u00edticas participar\u00e1n de las doce comisiones ordinarias y permanentes que incluir\u00e1n tem\u00e1ticas esenciales como Asuntos Constitucionales y Legislaci\u00f3n General; Educaci\u00f3n, Modernizaci\u00f3n, Ciencia y T\u00e9cnica; Recursos Naturales, Miner\u00eda y Medio Ambiente; Industria, Comercio, Agricultura y Ganader\u00eda; Turismo, Deporte y Cultura; Obras, Infraestructura y Transporte; Salud, Prevenci\u00f3n e Inclusi\u00f3n; Seguridad, Justicia y Derechos Humanos; Derechos del Consumo, Usuarios y Servicios P\u00fablicos; G\u00e9nero, Mujer, Diversidad e Igualdad; Trabajo, Seguridad Social e Impuestos; y Econom\u00eda, Planificaci\u00f3n e Inversi\u00f3n.<\/p>\n","protected":false},"excerpt":{"rendered":"<p>Junto a parlamentarios de otras nueve provincias, las y los diputados chaque\u00f1os participar\u00e1n de un nuevo plenario del Parlamento del Norte Grande, que se realizar\u00e1 a partir de este jueves en San Fernando del Valle de Catamarca. Con 29 iniciativas legislativas presentadas, la delegaci\u00f3n chaque\u00f1a, encabezada por la presidenta Elida Cuesta, participar\u00e1 de las distintas [&hellip;]<\/p>\n","protected":false},"author":1,"featured_media":17415,"comment_status":"closed","ping_status":"closed","sticky":false,"template":"","format":"standard","meta":{"footnotes":""},"categories":[6],"tags":[],"class_list":{"0":"post-17414","1":"post","2":"type-post","3":"status-publish","4":"format-standard","5":"has-post-thumbnail","7":"category-chaco"},"_links":{"self":[{"href":"https:\/\/chacosintesis.com.ar\/index.php\/wp-json\/wp\/v2\/posts\/17414","targetHints":{"allow":["GET"]}}],"collection":[{"href":"https:\/\/chacosintesis.com.ar\/index.php\/wp-json\/wp\/v2\/posts"}],"about":[{"href":"https:\/\/chacosintesis.com.ar\/index.php\/wp-json\/wp\/v2\/types\/post"}],"author":[{"embeddable":true,"href":"https:\/\/chacosintesis.com.ar\/index.php\/wp-json\/wp\/v2\/users\/1"}],"replies":[{"embeddable":true,"href":"https:\/\/chacosintesis.com.ar\/index.php\/wp-json\/wp\/v2\/comments?post=17414"}],"version-history":[{"count":0,"href":"https:\/\/chacosintesis.com.ar\/index.php\/wp-json\/wp\/v2\/posts\/17414\/revisions"}],"wp:featuredmedia":[{"embeddable":true,"href":"https:\/\/chacosintesis.com.ar\/index.php\/wp-json\/wp\/v2\/media\/17415"}],"wp:attachment":[{"href":"https:\/\/chacosintesis.com.ar\/index.php\/wp-json\/wp\/v2\/media?parent=17414"}],"wp:term":[{"taxonomy":"category","embeddable":true,"href":"https:\/\/chacosintesis.com.ar\/index.php\/wp-json\/wp\/v2\/categories?post=17414"},{"taxonomy":"post_tag","embeddable":true,"href":"https:\/\/chacosintesis.com.ar\/index.php\/wp-json\/wp\/v2\/tags?post=17414"}],"curies":[{"name":"wp","href":"https:\/\/api.w.org\/{rel}","templated":true}]}}