{"id":17411,"date":"2022-09-16T15:27:00","date_gmt":"2022-09-16T18:27:00","guid":{"rendered":"https:\/\/chacosintesis.com.ar\/?p=17411"},"modified":"2022-10-11T09:28:58","modified_gmt":"2022-10-11T12:28:58","slug":"cuesta-hay-una-juventud-comprometida-solidaria-y-la-vamos-a-acompanar","status":"publish","type":"post","link":"https:\/\/chacosintesis.com.ar\/index.php\/cuesta-hay-una-juventud-comprometida-solidaria-y-la-vamos-a-acompanar\/","title":{"rendered":"Cuesta: \u201cHay una juventud comprometida, solidaria y la vamos a acompa\u00f1ar\u201d"},"content":{"rendered":"\n<p>La presidenta del Poder Legislativo Elida Cuesta, junto a los diputados Andrea Canteros Reiser y Rodrigo Ocampo, tom\u00f3 juramento, este viernes, a las y los 32 legisladores del programa Poder Legislativo Juvenil, el cual brinda un espacio de expresi\u00f3n y participaci\u00f3n democr\u00e1tica a las y los estudiantes secundarios de toda la provincia. La iniciativa tendr\u00e1 cuatro sesiones durante este a\u00f1o.<\/p>\n\n\n\n<p><br>Cuesta resalt\u00f3 la fuerza transformadora de la juventud y la diversidad de pensamientos, expresiones y realidades de las y los j\u00f3venes legisladores. \u201cEstos 32 legisladores juveniles vienen trabajando muy comprometidos con la realidad de su localidad: tenemos artistas pl\u00e1sticos, escritores, miembros de centros de estudiantes. Nuestra idea es visibilizar que existe una juventud comprometida, con valores, que tiene ganas de trabajar por los otros y por eso los vamos a acompa\u00f1ar desde la Casa de la Democracia\u201d, asever\u00f3.<\/p>\n\n\n\n<p><br>Asimismo, la titular legislativa remarc\u00f3 la determinaci\u00f3n de las y los j\u00f3venes en abordar temas de inter\u00e9s y que los afectan en su vida cotidiana, asegurando que \u201cla juventud quiere hacer su aporte con el cuidado del ambiente, en la educaci\u00f3n, la salud y la seguridad, y nosotros debemos potenciarlos y apoyarlos\u201d.<\/p>\n\n\n\n<p><br>De la ceremonia de asunci\u00f3n de las y los j\u00f3venes parlamentarios tambi\u00e9n participaron los diputados Andrea Charole, Mariela Quir\u00f3s, Paola Ben\u00edtez y Hugo Sager; adem\u00e1s del ministro de Educaci\u00f3n, Aldo Lineras; la subsecretaria de Juventud, Julieta Campo; y el intendente de Quitilipi, Ariel Lovey.<\/p>\n\n\n\n<p>Oportunidad para que las y los j\u00f3venes se expresen<br>La diputada Canteros Reiser manifest\u00f3 su alegr\u00eda y emoci\u00f3n al compartir esta experiencia provechosa y enriquecedora con las y los parlamentarios. \u201cEstamos dando la oportunidad a estos j\u00f3venes de expresarse y plasmar sus ideas en proyectos de ley. Al diputado Ocampo y a m\u00ed nos toca coordinar a los nuevos parlamentarios y esperamos trabajar de la mejor manera para que sea una experiencia enriquecedora para todos\u201d, asegur\u00f3.<\/p>\n\n\n\n<p><br>Por su parte, Ocampo remarc\u00f3 la posibilidad que brinda el programa para que 32 diputadas y diputados de entre 15 y 16 a\u00f1os puedan representar \u201cno solo la visi\u00f3n de las y los j\u00f3venes de la provincia, sino tambi\u00e9n de transformar los problemas en soluciones y muchos sue\u00f1os en realidades\u201d. En ese marco, el legislador destac\u00f3 tambi\u00e9n que la Casa de la Democracia sea una fuente de soluciones, no solo para el Chaco, sino tambi\u00e9n para otras provincias.<\/p>\n\n\n\n<p><br>\u201cEste programa es una muestra concreta de la impronta federal que logramos darle a esta edici\u00f3n del Poder Legislativo Juvenil\u201d, resalt\u00f3 y agreg\u00f3 que \u201cnosotros creemos en la fuerza creadora de las y los j\u00f3venes, ellos tienen que ser libres y cr\u00edticos, pero tambi\u00e9n solidarios y ayudarnos a construir una nueva etapa en la provincia\u201d.<\/p>\n\n\n\n<p>Una herramienta de aprendizaje y participaci\u00f3n<br>Emanuel Rodr\u00edguez Herrera, flamante presidente del Poder Legislativo Juvenil, agradeci\u00f3 a Cuesta la posibilidad de participar de esta instancia democr\u00e1tica y marc\u00f3 su postura en cuanto a la participaci\u00f3n de sus pares. \u201cTodos vamos a colaborar, cada uno har\u00e1 su aporte con proyectos y todos ser\u00e1n escuchados. Escucharnos, dialogar y consensuar, el pa\u00eds necesita que todos nos escuchemos\u201d, marc\u00f3.<\/p>\n\n\n\n<p><br>Y para finalizar, el ministro de Educaci\u00f3n, Cultura, Ciencia y Tecnolog\u00eda, Aldo Lineras, agradeci\u00f3 a la presidenta de la Legislatura y a las y los diputados por llevar adelante esta herramienta de expresi\u00f3n y participaci\u00f3n. \u201cCelebro poder participar de este emprendimiento de las y los diputados, iniciativa que nos honra y significa adem\u00e1s una posibilidad de aprendizaje c\u00edvico para nuestros estudiantes. Resalto la posibilidad de mostrar lo que hacemos en educaci\u00f3n, porque en definitiva, cuando se habla de la juventud, tambi\u00e9n hay que decir que esta es la juventud que tenemos y participa\u201d, manifest\u00f3.<\/p>\n","protected":false},"excerpt":{"rendered":"<p>La presidenta del Poder Legislativo Elida Cuesta, junto a los diputados Andrea Canteros Reiser y Rodrigo Ocampo, tom\u00f3 juramento, este viernes, a las y los 32 legisladores del programa Poder Legislativo Juvenil, el cual brinda un espacio de expresi\u00f3n y participaci\u00f3n democr\u00e1tica a las y los estudiantes secundarios de toda la provincia. La iniciativa tendr\u00e1 [&hellip;]<\/p>\n","protected":false},"author":1,"featured_media":17412,"comment_status":"closed","ping_status":"closed","sticky":false,"template":"","format":"standard","meta":{"footnotes":""},"categories":[6],"tags":[],"class_list":{"0":"post-17411","1":"post","2":"type-post","3":"status-publish","4":"format-standard","5":"has-post-thumbnail","7":"category-chaco"},"_links":{"self":[{"href":"https:\/\/chacosintesis.com.ar\/index.php\/wp-json\/wp\/v2\/posts\/17411","targetHints":{"allow":["GET"]}}],"collection":[{"href":"https:\/\/chacosintesis.com.ar\/index.php\/wp-json\/wp\/v2\/posts"}],"about":[{"href":"https:\/\/chacosintesis.com.ar\/index.php\/wp-json\/wp\/v2\/types\/post"}],"author":[{"embeddable":true,"href":"https:\/\/chacosintesis.com.ar\/index.php\/wp-json\/wp\/v2\/users\/1"}],"replies":[{"embeddable":true,"href":"https:\/\/chacosintesis.com.ar\/index.php\/wp-json\/wp\/v2\/comments?post=17411"}],"version-history":[{"count":0,"href":"https:\/\/chacosintesis.com.ar\/index.php\/wp-json\/wp\/v2\/posts\/17411\/revisions"}],"wp:featuredmedia":[{"embeddable":true,"href":"https:\/\/chacosintesis.com.ar\/index.php\/wp-json\/wp\/v2\/media\/17412"}],"wp:attachment":[{"href":"https:\/\/chacosintesis.com.ar\/index.php\/wp-json\/wp\/v2\/media?parent=17411"}],"wp:term":[{"taxonomy":"category","embeddable":true,"href":"https:\/\/chacosintesis.com.ar\/index.php\/wp-json\/wp\/v2\/categories?post=17411"},{"taxonomy":"post_tag","embeddable":true,"href":"https:\/\/chacosintesis.com.ar\/index.php\/wp-json\/wp\/v2\/tags?post=17411"}],"curies":[{"name":"wp","href":"https:\/\/api.w.org\/{rel}","templated":true}]}}