{"id":17402,"date":"2022-09-12T20:06:00","date_gmt":"2022-09-12T23:06:00","guid":{"rendered":"https:\/\/chacosintesis.com.ar\/?p=17402"},"modified":"2022-10-11T09:09:44","modified_gmt":"2022-10-11T12:09:44","slug":"ley-natalia-samaniego-con-amplia-participacion-el-poder-legislativo-se-capacito-en-perspectiva-de-genero","status":"publish","type":"post","link":"https:\/\/chacosintesis.com.ar\/index.php\/ley-natalia-samaniego-con-amplia-participacion-el-poder-legislativo-se-capacito-en-perspectiva-de-genero\/","title":{"rendered":"Ley Natalia Samaniego: con amplia participaci\u00f3n, el Poder Legislativo se capacit\u00f3 en perspectiva de g\u00e9nero"},"content":{"rendered":"\n<p>Con el objetivo de erradicar la violencia e inculcar la inclusi\u00f3n en el Mes de la Construcci\u00f3n Colectiva de Conciencia Ciudadana, comenz\u00f3 este lunes la formaci\u00f3n en g\u00e9nero y prevenci\u00f3n de la violencia contra las mujeres, para las y los diputados y todos los niveles jer\u00e1rquicos del Poder Legislativo, establecida por la Ley Natalia Samaniego. <\/p>\n\n\n\n<p>La capacitaci\u00f3n es realizada por el equipo de la Oficina Interdisciplinaria para la Prevenci\u00f3n, Tratamiento y Sanci\u00f3n de la Violencia Laboral Beatriz V\u00e1squez.<br>La presidenta Elida Cuesta, junto a sus pares de distintos bloques pol\u00edticos, las y los secretarios, prosecretarios y directores de \u00e1rea, inici\u00f3 el ciclo de formaci\u00f3n.<\/p>\n\n\n\n<p><br>Cuesta remarc\u00f3 en este sentido que la capacitaci\u00f3n es obligatoria para los tres poderes del Estado provincial y que erradicar la violencia es una pol\u00edtica de Estado. \u201cNosotros no solamente queremos capacitarnos en lo que es la tem\u00e1tica de violencia de g\u00e9nero con esta ley que lleva el nombre de Natalia Samaniego, una joven chaque\u00f1a que fue v\u00edctima de femicidio, y que adhiere a la Ley Micaela a nivel nacional\u201d, asever\u00f3. Adem\u00e1s, asegur\u00f3 que es, sino necesario visibilizar, acompa\u00f1ar y controlar estas pol\u00edticas p\u00fablicas que tienen que ver con legislar con perspectiva de g\u00e9nero y que el Poder Ejecutivo las ejecute y el Judicial acompa\u00f1e.<\/p>\n\n\n\n<p><br>Asimismo, destac\u00f3 el compromiso de todos los funcionarios p\u00fablicos en el combate contra la violencia y asegur\u00f3 que \u201ces un compromiso de todos los que estamos en alguna funci\u00f3n de gobierno, teniendo en cuenta la cantidad de casos en la provincia y que debemos erradicar\u201d.<\/p>\n\n\n\n<p><br>Por otra parte, Cuesta agradeci\u00f3 el acompa\u00f1amiento de todos los bloques pol\u00edticos que componen el cuerpo legislativo. \u201cVenimos trabajando fuertemente con el acompa\u00f1amiento de todos los bloques pol\u00edticos y legisladores. Las leyes que sacamos con esta tem\u00e1tica fueron aprobadas por unanimidad, como por ejemplo la Oficina Interdisciplinaria Beatriz V\u00e1squez, y otras normativas al respecto que son vanguardia en el pa\u00eds\u201d, asever\u00f3 la legisladora.<\/p>\n\n\n\n<p><br>A su vez, la diputada Tere Cubells manifest\u00f3 que \u201chay que rescatar a las mujeres que dieron la capacitaci\u00f3n, en forma clara y contundente, utilizando la documentaci\u00f3n, las leyes, los tratados, con una claridad que entiendo que va a cumplir con el objetivo de esta ley que es dar a conocer lo ya establecido, llamar a la reflexi\u00f3n y a la discusi\u00f3n para incorporar la perspectiva de g\u00e9nero y la diversidad en nuestro trabajo que es la creaci\u00f3n de las leyes; incluir la perspectiva de g\u00e9nero, esa mirada de inclusi\u00f3n, de no discriminaci\u00f3n y de igualdad de un colectivo importante\u201d.<\/p>\n\n\n\n<p><br>Finalizada la jornada de formaci\u00f3n, la presidenta de la Comisi\u00f3n de G\u00e9nero, la diputada Paola Ben\u00edtez calific\u00f3 a la capacitaci\u00f3n como oportuna y necesaria para la labor como funcionarios. \u201cEs una capacitaci\u00f3n m\u00e1s que necesaria, es importante reconocer que hay un problema y cuando se lo visibiliza es que le estamos dando la importancia que se merece para tratar y erradicarlo. Debemos visibilizar estos espacios porque nos habilita a seguir avanzando en la prevenci\u00f3n de todas las formas de violencias\u201d, expres\u00f3 la legisladora.<\/p>\n\n\n\n<p><br>\u201cTambi\u00e9n es importante la posibilidad de escucharnos, expresarnos y trabajar desde el consenso, ese es el objetivo final, evitar la violencia contra las mujeres, conf\u00edo en que entre todas y todos podemos lograrlo\u201d, concluy\u00f3.<\/p>\n","protected":false},"excerpt":{"rendered":"<p>Con el objetivo de erradicar la violencia e inculcar la inclusi\u00f3n en el Mes de la Construcci\u00f3n Colectiva de Conciencia Ciudadana, comenz\u00f3 este lunes la formaci\u00f3n en g\u00e9nero y prevenci\u00f3n de la violencia contra las mujeres, para las y los diputados y todos los niveles jer\u00e1rquicos del Poder Legislativo, establecida por la Ley Natalia Samaniego. [&hellip;]<\/p>\n","protected":false},"author":1,"featured_media":17403,"comment_status":"closed","ping_status":"closed","sticky":false,"template":"","format":"standard","meta":{"footnotes":""},"categories":[6],"tags":[],"class_list":{"0":"post-17402","1":"post","2":"type-post","3":"status-publish","4":"format-standard","5":"has-post-thumbnail","7":"category-chaco"},"_links":{"self":[{"href":"https:\/\/chacosintesis.com.ar\/index.php\/wp-json\/wp\/v2\/posts\/17402","targetHints":{"allow":["GET"]}}],"collection":[{"href":"https:\/\/chacosintesis.com.ar\/index.php\/wp-json\/wp\/v2\/posts"}],"about":[{"href":"https:\/\/chacosintesis.com.ar\/index.php\/wp-json\/wp\/v2\/types\/post"}],"author":[{"embeddable":true,"href":"https:\/\/chacosintesis.com.ar\/index.php\/wp-json\/wp\/v2\/users\/1"}],"replies":[{"embeddable":true,"href":"https:\/\/chacosintesis.com.ar\/index.php\/wp-json\/wp\/v2\/comments?post=17402"}],"version-history":[{"count":0,"href":"https:\/\/chacosintesis.com.ar\/index.php\/wp-json\/wp\/v2\/posts\/17402\/revisions"}],"wp:featuredmedia":[{"embeddable":true,"href":"https:\/\/chacosintesis.com.ar\/index.php\/wp-json\/wp\/v2\/media\/17403"}],"wp:attachment":[{"href":"https:\/\/chacosintesis.com.ar\/index.php\/wp-json\/wp\/v2\/media?parent=17402"}],"wp:term":[{"taxonomy":"category","embeddable":true,"href":"https:\/\/chacosintesis.com.ar\/index.php\/wp-json\/wp\/v2\/categories?post=17402"},{"taxonomy":"post_tag","embeddable":true,"href":"https:\/\/chacosintesis.com.ar\/index.php\/wp-json\/wp\/v2\/tags?post=17402"}],"curies":[{"name":"wp","href":"https:\/\/api.w.org\/{rel}","templated":true}]}}