{"id":17399,"date":"2022-09-10T11:03:00","date_gmt":"2022-09-10T14:03:00","guid":{"rendered":"https:\/\/chacosintesis.com.ar\/?p=17399"},"modified":"2022-10-11T09:06:04","modified_gmt":"2022-10-11T12:06:04","slug":"para-escuchar-todas-las-voces-importante-visita-de-la-legislatura-al-centro-de-equinoterapia-ian","status":"publish","type":"post","link":"https:\/\/chacosintesis.com.ar\/index.php\/para-escuchar-todas-las-voces-importante-visita-de-la-legislatura-al-centro-de-equinoterapia-ian\/","title":{"rendered":"Para escuchar todas las voces: importante visita de la Legislatura al Centro de Equinoterapia Ian"},"content":{"rendered":"\n<p>Durante la visita del Poder Legislativo a Pampa del Infierno, en el marco del programa Sesionemos Juntos, la presidenta Elida Cuesta, junto a las y los legisladores de diferentes bloques pol\u00edticos y la intendenta Glenda Seifert, visit\u00f3 el Centro de Equinoterapia Ian. La comitiva reconoci\u00f3 el trabajo de esta instituci\u00f3n en la recuperaci\u00f3n de personas con discapacidad.<\/p>\n\n\n\n<p><br>Cuesta destac\u00f3 el compromiso de la familia Koucz con las personas con discapacidad y valor\u00f3 su solidaridad desde su experiencia personal. \u201cEsta fundaci\u00f3n tiene la misi\u00f3n de mejorar la calidad de vida de las personas con discapacidad f\u00edsica y mental haciendo de su experiencia personal un compromiso solidario con la comunidad\u201d, resalt\u00f3.<\/p>\n\n\n\n<p><br>Asimismo, asegur\u00f3 que recorrer el interior provincial no solo permite a las y los legisladores empaparse de la realidad y conocer las problem\u00e1ticas, sino tambi\u00e9n reconocer el trabajo de chaque\u00f1as y chaque\u00f1os en pos de construir una sociedad mejor. <\/p>\n\n\n\n<p>\u201cRecorrer el interior de nuestro Chaco nos permite encontrarnos con historias de vida como la de Carlos Koucz, quien a partir de la experiencia personal de su hijo Ian construy\u00f3 una fundaci\u00f3n, junto a su familia, que ayuda a la educaci\u00f3n y reeducaci\u00f3n de las personas con discapacidad. Personas as\u00ed, con este compromiso con el pr\u00f3jimo, nos llenan de esperanza para construir una sociedad mejor\u201d, manifest\u00f3 la diputada.<\/p>\n\n\n\n<p><br>Carlos Koucz agradeci\u00f3 el reconocimiento de las y los legisladores y asegur\u00f3 que la equinoterapia es una terapia alternativa que ayuda a mejorar la vida de las personas con discapacidad. \u201cNosotros comenzamos a trabajar en la equinoterapia hace catorce a\u00f1os, en junio de 2008, cuando mi hijo ten\u00eda 8 meses y le diagnosticaron par\u00e1lisis cerebral. <\/p>\n\n\n\n<p>Hoy, despu\u00e9s de tanto tiempo viendo los logros que tiene Ian y todos los chicos que tratamos, podemos decir que la equinoterapia es una excelente terapia alternativa para la sociabilizaci\u00f3n, resociabilizaci\u00f3n y educaci\u00f3n de las personas con discapacidad\u201d, remarc\u00f3.<\/p>\n","protected":false},"excerpt":{"rendered":"<p>Durante la visita del Poder Legislativo a Pampa del Infierno, en el marco del programa Sesionemos Juntos, la presidenta Elida Cuesta, junto a las y los legisladores de diferentes bloques pol\u00edticos y la intendenta Glenda Seifert, visit\u00f3 el Centro de Equinoterapia Ian. La comitiva reconoci\u00f3 el trabajo de esta instituci\u00f3n en la recuperaci\u00f3n de personas [&hellip;]<\/p>\n","protected":false},"author":1,"featured_media":17400,"comment_status":"closed","ping_status":"closed","sticky":false,"template":"","format":"standard","meta":{"footnotes":""},"categories":[6],"tags":[],"class_list":{"0":"post-17399","1":"post","2":"type-post","3":"status-publish","4":"format-standard","5":"has-post-thumbnail","7":"category-chaco"},"_links":{"self":[{"href":"https:\/\/chacosintesis.com.ar\/index.php\/wp-json\/wp\/v2\/posts\/17399","targetHints":{"allow":["GET"]}}],"collection":[{"href":"https:\/\/chacosintesis.com.ar\/index.php\/wp-json\/wp\/v2\/posts"}],"about":[{"href":"https:\/\/chacosintesis.com.ar\/index.php\/wp-json\/wp\/v2\/types\/post"}],"author":[{"embeddable":true,"href":"https:\/\/chacosintesis.com.ar\/index.php\/wp-json\/wp\/v2\/users\/1"}],"replies":[{"embeddable":true,"href":"https:\/\/chacosintesis.com.ar\/index.php\/wp-json\/wp\/v2\/comments?post=17399"}],"version-history":[{"count":0,"href":"https:\/\/chacosintesis.com.ar\/index.php\/wp-json\/wp\/v2\/posts\/17399\/revisions"}],"wp:featuredmedia":[{"embeddable":true,"href":"https:\/\/chacosintesis.com.ar\/index.php\/wp-json\/wp\/v2\/media\/17400"}],"wp:attachment":[{"href":"https:\/\/chacosintesis.com.ar\/index.php\/wp-json\/wp\/v2\/media?parent=17399"}],"wp:term":[{"taxonomy":"category","embeddable":true,"href":"https:\/\/chacosintesis.com.ar\/index.php\/wp-json\/wp\/v2\/categories?post=17399"},{"taxonomy":"post_tag","embeddable":true,"href":"https:\/\/chacosintesis.com.ar\/index.php\/wp-json\/wp\/v2\/tags?post=17399"}],"curies":[{"name":"wp","href":"https:\/\/api.w.org\/{rel}","templated":true}]}}