{"id":17396,"date":"2022-09-09T18:07:00","date_gmt":"2022-09-09T21:07:00","guid":{"rendered":"https:\/\/chacosintesis.com.ar\/?p=17396"},"modified":"2022-10-10T22:10:35","modified_gmt":"2022-10-11T01:10:35","slug":"elida-cuesta-planteo-que-la-agenda-de-la-gente-tiene-que-ser-la-prioridad-del-parlamento-del-norte-grande","status":"publish","type":"post","link":"https:\/\/chacosintesis.com.ar\/index.php\/elida-cuesta-planteo-que-la-agenda-de-la-gente-tiene-que-ser-la-prioridad-del-parlamento-del-norte-grande\/","title":{"rendered":"Elida Cuesta plante\u00f3 que la agenda de la gente tiene que ser la prioridad del Parlamento del Norte Grande"},"content":{"rendered":"\n<p>Con la premisa de disminuir las asimetr\u00edas entre las regiones y generar mejores condiciones para el desarrollo conjunto, la mesa ejecutiva del Parlamento del Norte Grande se reuni\u00f3, este viernes, en el sal\u00f3n Iber\u00e1 del Turismo, del Hotel Casino de la ciudad de Corrientes. <\/p>\n\n\n\n<p>La presidenta del Poder Legislativo, Elida Cuesta, particip\u00f3 por el Chaco junto a representantes de La Rioja, Jujuy, Salta, Tucum\u00e1n, Catamarca, Santiago del Estero, Formosa y Corrientes con quienes acord\u00f3 tratar temas vinculados al transporte y la infraestructura para la pr\u00f3xima sesi\u00f3n que se llevar\u00e1 a cabo en San Fernando del Valle de Catamarca el 26 de septiembre.<\/p>\n\n\n\n<p><br>En este sentido, la titular de la Legislatura chaque\u00f1a plante\u00f3 la necesidad de avanzar con una agenda no solo regional, sino plantear en la escena nacional los problemas de la regi\u00f3n NEA y NOA. \u201cM\u00e1s all\u00e1 de las diferencias pol\u00edticas que tenemos los distintos bloques, tenemos los problemas comunes de la regi\u00f3n, por lo que nos pusimos de acuerdo en los temas a tratar en Catamarca referidos a infraestructura, energ\u00eda, econom\u00edas regionales, el turismo y tambi\u00e9n las relaciones internacionales, por lo que la agenda de la gente tiene que ser la prioridad del Parlamento del Norte Grande\u201d, asever\u00f3.<\/p>\n\n\n\n<p><br>Cuesta resalt\u00f3 la reuni\u00f3n en Corrientes con los representantes de la regi\u00f3n, con quienes se trabajar\u00e1 en los distintos proyectos de ley que ser\u00e1n llevados al plenario del Parlamento del Norte Grande el 22 y 23 pr\u00f3ximos en Catamarca. \u201cTrabajamos para poner los problemas de la provincia en la agenda nacional para hacer escuchar nuestra voz\u201d, remarc\u00f3 la legisladora. Asimismo, agreg\u00f3 que \u201cestos parlamentos son un ejemplo de convivencia pol\u00edtica, ya que los legisladores coincidimos en trabajar la unidad y en las tem\u00e1ticas de bien com\u00fan. Las demandas de la gente deben estar en la agenda legislativa\u201d, destac\u00f3.<\/p>\n\n\n\n<p><br>Por otra parte, la titular del cuerpo legislativo chaque\u00f1o destac\u00f3 la convivencia pol\u00edtica en pos de la unidad nacional y plante\u00f3 la necesidad que el plenario de legisladores del Norte invite a la Comisi\u00f3n de Hacienda y Presupuesto, de la C\u00e1mara de Diputados de la Naci\u00f3n, al encuentro en Catamarca para que las obras planteadas por el Parlamento del Norte Grande sean incorporadas a la Ley de Presupuesto Nacional.<\/p>\n","protected":false},"excerpt":{"rendered":"<p>Con la premisa de disminuir las asimetr\u00edas entre las regiones y generar mejores condiciones para el desarrollo conjunto, la mesa ejecutiva del Parlamento del Norte Grande se reuni\u00f3, este viernes, en el sal\u00f3n Iber\u00e1 del Turismo, del Hotel Casino de la ciudad de Corrientes. La presidenta del Poder Legislativo, Elida Cuesta, particip\u00f3 por el Chaco [&hellip;]<\/p>\n","protected":false},"author":1,"featured_media":17397,"comment_status":"closed","ping_status":"closed","sticky":false,"template":"","format":"standard","meta":{"footnotes":""},"categories":[6],"tags":[],"class_list":{"0":"post-17396","1":"post","2":"type-post","3":"status-publish","4":"format-standard","5":"has-post-thumbnail","7":"category-chaco"},"_links":{"self":[{"href":"https:\/\/chacosintesis.com.ar\/index.php\/wp-json\/wp\/v2\/posts\/17396","targetHints":{"allow":["GET"]}}],"collection":[{"href":"https:\/\/chacosintesis.com.ar\/index.php\/wp-json\/wp\/v2\/posts"}],"about":[{"href":"https:\/\/chacosintesis.com.ar\/index.php\/wp-json\/wp\/v2\/types\/post"}],"author":[{"embeddable":true,"href":"https:\/\/chacosintesis.com.ar\/index.php\/wp-json\/wp\/v2\/users\/1"}],"replies":[{"embeddable":true,"href":"https:\/\/chacosintesis.com.ar\/index.php\/wp-json\/wp\/v2\/comments?post=17396"}],"version-history":[{"count":0,"href":"https:\/\/chacosintesis.com.ar\/index.php\/wp-json\/wp\/v2\/posts\/17396\/revisions"}],"wp:featuredmedia":[{"embeddable":true,"href":"https:\/\/chacosintesis.com.ar\/index.php\/wp-json\/wp\/v2\/media\/17397"}],"wp:attachment":[{"href":"https:\/\/chacosintesis.com.ar\/index.php\/wp-json\/wp\/v2\/media?parent=17396"}],"wp:term":[{"taxonomy":"category","embeddable":true,"href":"https:\/\/chacosintesis.com.ar\/index.php\/wp-json\/wp\/v2\/categories?post=17396"},{"taxonomy":"post_tag","embeddable":true,"href":"https:\/\/chacosintesis.com.ar\/index.php\/wp-json\/wp\/v2\/tags?post=17396"}],"curies":[{"name":"wp","href":"https:\/\/api.w.org\/{rel}","templated":true}]}}