{"id":17393,"date":"2022-09-08T12:57:00","date_gmt":"2022-09-08T15:57:00","guid":{"rendered":"https:\/\/chacosintesis.com.ar\/?p=17393"},"modified":"2022-10-10T22:06:57","modified_gmt":"2022-10-11T01:06:57","slug":"cuesta-tenemos-las-mejores-expectativas-de-construir-entre-todos-un-pais-mas-federal","status":"publish","type":"post","link":"https:\/\/chacosintesis.com.ar\/index.php\/cuesta-tenemos-las-mejores-expectativas-de-construir-entre-todos-un-pais-mas-federal\/","title":{"rendered":"Cuesta: \u201cTenemos las mejores expectativas de construir entre todos un pa\u00eds m\u00e1s federal\u201d"},"content":{"rendered":"\n<p>En el marco de una nueva reuni\u00f3n de la mesa ejecutiva de las y los vicegobernadores y presidentes de las legislaturas del Parlamento del Norte Grande que se desarrollar\u00e1, este viernes, en la ciudad de Corrientes, la presidenta del Poder Legislativo, Elida Cuesta, se\u00f1al\u00f3 que en este encuentro se definir\u00e1 el temario legislativo para el pr\u00f3ximo plenario que se desarrollar\u00e1 el 22 y 23 de septiembre en San Fernando del Valle de Catamarca.<\/p>\n\n\n\n<p><br>\u201cDespu\u00e9s de la integraci\u00f3n de las provincias del NEA en el Parlamento del Norte Grande el mes pasado en Jujuy, nos reuniremos, este viernes, en la provincia hermana de Corrientes para definir, en una reuni\u00f3n de la mesa ejecutiva, los ejes para el pr\u00f3ximo plenario que se va a realizar en Catamarca\u201d, asegur\u00f3.<\/p>\n\n\n\n<p><br>Adem\u00e1s, la legisladora destac\u00f3 el trabajo parlamentario de las y los diputados chaque\u00f1os, se\u00f1alando que en el \u00faltimo plenario se sancion\u00f3 una decena de proyectos presentados por los mismos. \u201cEstamos con las mejores expectativas, el Chaco siempre est\u00e1 a la vanguardia en materia legislativa y eso lo demostramos en el \u00faltimo plenario, donde se sancionaron m\u00e1s de catorce proyectos presentados por nuestras legisladoras y legisladores\u201d, manifest\u00f3.<\/p>\n\n\n\n<p><br>Asimismo, resalt\u00f3 la integraci\u00f3n de las provincias de NEA al Parlamento y remarc\u00f3 que la uni\u00f3n de las provincias del norte argentino refuerza la voz del pedido de un pa\u00eds m\u00e1s federal. \u201cLa integraci\u00f3n del Chaco, Corrientes y Formosa en este Parlamento del Norte Grande y a la espera de integrar a otras provincias de la regi\u00f3n es hist\u00f3rica porque de esta manera podemos abordar las problem\u00e1ticas de la regi\u00f3n todos juntos, reforzando siempre el pedido de un pa\u00eds m\u00e1s federal que explote todo el potencial de las provincias del interior\u201d, asever\u00f3.<\/p>\n","protected":false},"excerpt":{"rendered":"<p>En el marco de una nueva reuni\u00f3n de la mesa ejecutiva de las y los vicegobernadores y presidentes de las legislaturas del Parlamento del Norte Grande que se desarrollar\u00e1, este viernes, en la ciudad de Corrientes, la presidenta del Poder Legislativo, Elida Cuesta, se\u00f1al\u00f3 que en este encuentro se definir\u00e1 el temario legislativo para el [&hellip;]<\/p>\n","protected":false},"author":1,"featured_media":17394,"comment_status":"closed","ping_status":"closed","sticky":false,"template":"","format":"standard","meta":{"footnotes":""},"categories":[6],"tags":[],"class_list":{"0":"post-17393","1":"post","2":"type-post","3":"status-publish","4":"format-standard","5":"has-post-thumbnail","7":"category-chaco"},"_links":{"self":[{"href":"https:\/\/chacosintesis.com.ar\/index.php\/wp-json\/wp\/v2\/posts\/17393","targetHints":{"allow":["GET"]}}],"collection":[{"href":"https:\/\/chacosintesis.com.ar\/index.php\/wp-json\/wp\/v2\/posts"}],"about":[{"href":"https:\/\/chacosintesis.com.ar\/index.php\/wp-json\/wp\/v2\/types\/post"}],"author":[{"embeddable":true,"href":"https:\/\/chacosintesis.com.ar\/index.php\/wp-json\/wp\/v2\/users\/1"}],"replies":[{"embeddable":true,"href":"https:\/\/chacosintesis.com.ar\/index.php\/wp-json\/wp\/v2\/comments?post=17393"}],"version-history":[{"count":0,"href":"https:\/\/chacosintesis.com.ar\/index.php\/wp-json\/wp\/v2\/posts\/17393\/revisions"}],"wp:featuredmedia":[{"embeddable":true,"href":"https:\/\/chacosintesis.com.ar\/index.php\/wp-json\/wp\/v2\/media\/17394"}],"wp:attachment":[{"href":"https:\/\/chacosintesis.com.ar\/index.php\/wp-json\/wp\/v2\/media?parent=17393"}],"wp:term":[{"taxonomy":"category","embeddable":true,"href":"https:\/\/chacosintesis.com.ar\/index.php\/wp-json\/wp\/v2\/categories?post=17393"},{"taxonomy":"post_tag","embeddable":true,"href":"https:\/\/chacosintesis.com.ar\/index.php\/wp-json\/wp\/v2\/tags?post=17393"}],"curies":[{"name":"wp","href":"https:\/\/api.w.org\/{rel}","templated":true}]}}