{"id":17388,"date":"2022-10-09T21:24:03","date_gmt":"2022-10-10T00:24:03","guid":{"rendered":"https:\/\/chacosintesis.com.ar\/?p=17388"},"modified":"2022-10-09T21:39:30","modified_gmt":"2022-10-10T00:39:30","slug":"el-gobierno-provincial-acompana-la-investigacion-de-hechos-de-violencia-en-saenz-pena","status":"publish","type":"post","link":"https:\/\/chacosintesis.com.ar\/index.php\/el-gobierno-provincial-acompana-la-investigacion-de-hechos-de-violencia-en-saenz-pena\/","title":{"rendered":"El gobierno provincial acompa\u00f1a la investigaci\u00f3n de hechos de violencia en S\u00e1enz Pe\u00f1a"},"content":{"rendered":"<p>El Ministerio de Seguridad y Justicia de la provincia, en conjunto con la Polic\u00eda del Chaco y el Ministerio P\u00fablico Fiscal investigan los episodios de violencia que ocurrieron en el barrio Solidario de Presidencia Roque S\u00e1enz Pe\u00f1a este fin de semana y que dejaron como saldo un ataque con arma de fuego contra un joven de 19 a\u00f1os<br \/>\nEn un dispositivo de seguridad ejecutado r\u00e1pidamente, el presunto agresor fue detenido y puesto a disposici\u00f3n de la Justicia.<br \/>\nSeg\u00fan informaci\u00f3n recabada por personal policial, Pablo Godoy ingres\u00f3 el 8 de octubre al Hospital 4 de Junio de S\u00e1enz Pe\u00f1a con una herida de arma de fuego en el t\u00f3rax. El proyectil segu\u00eda alojado en la regi\u00f3n abdominal, por lo que fue intervenido quir\u00fargicamente y permanece internado con pron\u00f3stico reservado.<br \/>\nSu madre, en declaraciones a la Polic\u00eda, inform\u00f3 los datos del posible autor, por lo que se dio intervenci\u00f3n a la Fiscal\u00eda en turno y a la divisi\u00f3n Investigaciones de la Polic\u00eda del Chaco.<br \/>\nSeg\u00fan los datos obtenidos hasta el momento, se tratar\u00eda de una rivalidad de vieja data entre familias que termin\u00f3 con el fallecimiento de un hombre hace un mes. Ahora, las familias volvieron a enfrentarse.<br \/>\nEn este contexto, personal policial de la Divisi\u00f3n Investigaciones Interior detuvo a un hombre y secuestr\u00f3 un arma de fuego Bersa calibre 22, con almac\u00e9n cargador y un cartucho.<br \/>\nEn tanto que, la fiscal en turno Liliana Luppi, dispuso que se notifique la aprehensi\u00f3n en la causa \u201csupuesta tentativa de homicidio\u201d y que se aloje al detenido en una comisar\u00eda.<br \/>\nVale recordar que la cartera de Seguridad y Justicia trabaja desde hace tiempo en un plan integral en los barrios que presentan situaciones de violencia en la ciudad termal, con el objetivo de disminuir la conflictividad y establecer canales de di\u00e1logo entre la comunidad.<\/p>\n","protected":false},"excerpt":{"rendered":"<p>El Ministerio de Seguridad y Justicia de la provincia, en conjunto con la Polic\u00eda del Chaco y el Ministerio P\u00fablico Fiscal investigan los episodios de violencia que ocurrieron en el barrio Solidario de Presidencia Roque S\u00e1enz Pe\u00f1a este fin de semana y que dejaron como saldo un ataque con arma de fuego contra un joven [&hellip;]<\/p>\n","protected":false},"author":1,"featured_media":17389,"comment_status":"closed","ping_status":"closed","sticky":false,"template":"","format":"standard","meta":{"footnotes":""},"categories":[6],"tags":[],"class_list":{"0":"post-17388","1":"post","2":"type-post","3":"status-publish","4":"format-standard","5":"has-post-thumbnail","7":"category-chaco"},"_links":{"self":[{"href":"https:\/\/chacosintesis.com.ar\/index.php\/wp-json\/wp\/v2\/posts\/17388","targetHints":{"allow":["GET"]}}],"collection":[{"href":"https:\/\/chacosintesis.com.ar\/index.php\/wp-json\/wp\/v2\/posts"}],"about":[{"href":"https:\/\/chacosintesis.com.ar\/index.php\/wp-json\/wp\/v2\/types\/post"}],"author":[{"embeddable":true,"href":"https:\/\/chacosintesis.com.ar\/index.php\/wp-json\/wp\/v2\/users\/1"}],"replies":[{"embeddable":true,"href":"https:\/\/chacosintesis.com.ar\/index.php\/wp-json\/wp\/v2\/comments?post=17388"}],"version-history":[{"count":0,"href":"https:\/\/chacosintesis.com.ar\/index.php\/wp-json\/wp\/v2\/posts\/17388\/revisions"}],"wp:featuredmedia":[{"embeddable":true,"href":"https:\/\/chacosintesis.com.ar\/index.php\/wp-json\/wp\/v2\/media\/17389"}],"wp:attachment":[{"href":"https:\/\/chacosintesis.com.ar\/index.php\/wp-json\/wp\/v2\/media?parent=17388"}],"wp:term":[{"taxonomy":"category","embeddable":true,"href":"https:\/\/chacosintesis.com.ar\/index.php\/wp-json\/wp\/v2\/categories?post=17388"},{"taxonomy":"post_tag","embeddable":true,"href":"https:\/\/chacosintesis.com.ar\/index.php\/wp-json\/wp\/v2\/tags?post=17388"}],"curies":[{"name":"wp","href":"https:\/\/api.w.org\/{rel}","templated":true}]}}