{"id":17386,"date":"2022-10-09T21:21:37","date_gmt":"2022-10-10T00:21:37","guid":{"rendered":"https:\/\/chacosintesis.com.ar\/?p=17386"},"modified":"2022-10-09T21:39:29","modified_gmt":"2022-10-10T00:39:29","slug":"incautaron-droga-y-detienen-a-un-joven-tras-allanamiento-en-puerto-tirol","status":"publish","type":"post","link":"https:\/\/chacosintesis.com.ar\/index.php\/incautaron-droga-y-detienen-a-un-joven-tras-allanamiento-en-puerto-tirol\/","title":{"rendered":"Incautaron droga y detienen a un joven tras allanamiento en Puerto Tirol"},"content":{"rendered":"<p>La Polic\u00eda del Chaco inform\u00f3 este domingo que realizaron un allanamiento en Puerto Tirol en donde incautaron droga y aprehendieron a un joven.<br \/>\nSeg\u00fan sostuvo la fuerza, &#8220;la investigaci\u00f3n se inici\u00f3 en el mes de julio de este a\u00f1o y culmin\u00f3 esta ma\u00f1ana en el barrio Villa Elena con el secuestro de coca\u00edna y varios elementos de inter\u00e9s en la causa&#8221;.<br \/>\n&#8220;Tras varios meses de investigaci\u00f3n de los agentes del servicio externo de la Comisar\u00eda Puerto Tirol, hoy llevaron a cabo un allanamiento en el barrio Villa Elena. Secuestraron coca\u00edna, una balanza, un celular y $300. Un joven de 30 a\u00f1os se encuentra detenido&#8221;, agregaron.<br \/>\nCerca de las 8 los uniformados junto al personal de la Direcci\u00f3n Consumo Problem\u00e1tico allanaron una vivienda por calle Posadas. Esta orden judicial, se efectu\u00f3 luego de las l\u00edneas investigativas obtenidas por personal iniciada en el mes de julio de este a\u00f1o.<br \/>\n&#8220;Por ello, ejecutaron la orden en el domicilio y secuestraron 39 envoltorios con un pesaje de 6.5 gramos de coca\u00edna, varios recortes verdes, una balanza, un tel\u00e9fono celular LG y $300. Finalmente, demoraron al morador de 30 a\u00f1os quien por orden de la Fiscal\u00eda Antidroga N\u00b0 02, fue notificado de su aprehensi\u00f3n en causa &#8216;Supuesta Infracci\u00f3n a la Ley N\u00b0 23.737 de Estupefaciente'&#8221;.<\/p>\n","protected":false},"excerpt":{"rendered":"<p>La Polic\u00eda del Chaco inform\u00f3 este domingo que realizaron un allanamiento en Puerto Tirol en donde incautaron droga y aprehendieron a un joven. Seg\u00fan sostuvo la fuerza, &#8220;la investigaci\u00f3n se inici\u00f3 en el mes de julio de este a\u00f1o y culmin\u00f3 esta ma\u00f1ana en el barrio Villa Elena con el secuestro de coca\u00edna y varios [&hellip;]<\/p>\n","protected":false},"author":1,"featured_media":17387,"comment_status":"closed","ping_status":"closed","sticky":false,"template":"","format":"standard","meta":{"footnotes":""},"categories":[6],"tags":[],"class_list":{"0":"post-17386","1":"post","2":"type-post","3":"status-publish","4":"format-standard","5":"has-post-thumbnail","7":"category-chaco"},"_links":{"self":[{"href":"https:\/\/chacosintesis.com.ar\/index.php\/wp-json\/wp\/v2\/posts\/17386","targetHints":{"allow":["GET"]}}],"collection":[{"href":"https:\/\/chacosintesis.com.ar\/index.php\/wp-json\/wp\/v2\/posts"}],"about":[{"href":"https:\/\/chacosintesis.com.ar\/index.php\/wp-json\/wp\/v2\/types\/post"}],"author":[{"embeddable":true,"href":"https:\/\/chacosintesis.com.ar\/index.php\/wp-json\/wp\/v2\/users\/1"}],"replies":[{"embeddable":true,"href":"https:\/\/chacosintesis.com.ar\/index.php\/wp-json\/wp\/v2\/comments?post=17386"}],"version-history":[{"count":0,"href":"https:\/\/chacosintesis.com.ar\/index.php\/wp-json\/wp\/v2\/posts\/17386\/revisions"}],"wp:featuredmedia":[{"embeddable":true,"href":"https:\/\/chacosintesis.com.ar\/index.php\/wp-json\/wp\/v2\/media\/17387"}],"wp:attachment":[{"href":"https:\/\/chacosintesis.com.ar\/index.php\/wp-json\/wp\/v2\/media?parent=17386"}],"wp:term":[{"taxonomy":"category","embeddable":true,"href":"https:\/\/chacosintesis.com.ar\/index.php\/wp-json\/wp\/v2\/categories?post=17386"},{"taxonomy":"post_tag","embeddable":true,"href":"https:\/\/chacosintesis.com.ar\/index.php\/wp-json\/wp\/v2\/tags?post=17386"}],"curies":[{"name":"wp","href":"https:\/\/api.w.org\/{rel}","templated":true}]}}