{"id":17382,"date":"2022-10-08T20:08:53","date_gmt":"2022-10-08T23:08:53","guid":{"rendered":"https:\/\/chacosintesis.com.ar\/?p=17382"},"modified":"2022-10-08T20:11:46","modified_gmt":"2022-10-08T23:11:46","slug":"diputados-de-la-ucr-repudian-la-amenaza-de-muerte-contra-el-intendente-de-quitilipi","status":"publish","type":"post","link":"https:\/\/chacosintesis.com.ar\/index.php\/diputados-de-la-ucr-repudian-la-amenaza-de-muerte-contra-el-intendente-de-quitilipi\/","title":{"rendered":"Diputados de la UCR repudian la amenaza de muerte contra el intendente de Quitilipi"},"content":{"rendered":"<p>Diputados provinciales de la Uni\u00f3n C\u00edvica Radical expresaron su m\u00e1s profundo repudio y rechazo a la amenaza de muerte recibida por el intendente de la ciudad de Quitlipi, Ariel \u201cQuitito\u201d Lovey.<br \/>\n\u201cQuienes conformamos el bloque de diputados provinciales de la UCR, repudiamos y rechazamos la amenaza de muerte con arma de fuego recibida por el intendente de la ciudad de Quitilipi, Ariel \u201cQuitito\u201d Lovey,  a quien le hacemos llegar nuestro acompa\u00f1amiento incondicional. En este mismo sentido, instamos a los funcionarios competentes a llevar adelante una exhaustiva  investigaci\u00f3n a fin de poder esclarecer este atentado y determinar responsabilidades\u201d.<br \/>\n\u201cLa violencia, en todas sus formas, debe ser condenada por la sociedad en su conjunto ya que atenta  peligrosamente contra la democracia, sistema de gobierno que,  a poco de cumplir 40 a\u00f1os ininterrumpidos, custodia nuestros derechos, garant\u00edas  y libertades constitucionales\u201d<br \/>\n\u201cQuienes aspiramos a vivir en democracia, en una sociedad tolerante, inclusiva, equitativa, en paz, con  orden y respeto, alzaremos siempre la voz frente a quienes pretendan poner en riesgo lo que tanto dolor nos cost\u00f3 conseguir. Somos el Nunca Mas, somos la vida, somos la paz\u201d.<\/p>\n","protected":false},"excerpt":{"rendered":"<p>Diputados provinciales de la Uni\u00f3n C\u00edvica Radical expresaron su m\u00e1s profundo repudio y rechazo a la amenaza de muerte recibida por el intendente de la ciudad de Quitlipi, Ariel \u201cQuitito\u201d Lovey. \u201cQuienes conformamos el bloque de diputados provinciales de la UCR, repudiamos y rechazamos la amenaza de muerte con arma de fuego recibida por el [&hellip;]<\/p>\n","protected":false},"author":1,"featured_media":17383,"comment_status":"closed","ping_status":"closed","sticky":false,"template":"","format":"standard","meta":{"footnotes":""},"categories":[6],"tags":[],"class_list":{"0":"post-17382","1":"post","2":"type-post","3":"status-publish","4":"format-standard","5":"has-post-thumbnail","7":"category-chaco"},"_links":{"self":[{"href":"https:\/\/chacosintesis.com.ar\/index.php\/wp-json\/wp\/v2\/posts\/17382","targetHints":{"allow":["GET"]}}],"collection":[{"href":"https:\/\/chacosintesis.com.ar\/index.php\/wp-json\/wp\/v2\/posts"}],"about":[{"href":"https:\/\/chacosintesis.com.ar\/index.php\/wp-json\/wp\/v2\/types\/post"}],"author":[{"embeddable":true,"href":"https:\/\/chacosintesis.com.ar\/index.php\/wp-json\/wp\/v2\/users\/1"}],"replies":[{"embeddable":true,"href":"https:\/\/chacosintesis.com.ar\/index.php\/wp-json\/wp\/v2\/comments?post=17382"}],"version-history":[{"count":0,"href":"https:\/\/chacosintesis.com.ar\/index.php\/wp-json\/wp\/v2\/posts\/17382\/revisions"}],"wp:featuredmedia":[{"embeddable":true,"href":"https:\/\/chacosintesis.com.ar\/index.php\/wp-json\/wp\/v2\/media\/17383"}],"wp:attachment":[{"href":"https:\/\/chacosintesis.com.ar\/index.php\/wp-json\/wp\/v2\/media?parent=17382"}],"wp:term":[{"taxonomy":"category","embeddable":true,"href":"https:\/\/chacosintesis.com.ar\/index.php\/wp-json\/wp\/v2\/categories?post=17382"},{"taxonomy":"post_tag","embeddable":true,"href":"https:\/\/chacosintesis.com.ar\/index.php\/wp-json\/wp\/v2\/tags?post=17382"}],"curies":[{"name":"wp","href":"https:\/\/api.w.org\/{rel}","templated":true}]}}