{"id":17372,"date":"2022-10-07T10:43:17","date_gmt":"2022-10-07T13:43:17","guid":{"rendered":"https:\/\/chacosintesis.com.ar\/?p=17372"},"modified":"2022-10-07T11:10:10","modified_gmt":"2022-10-07T14:10:10","slug":"el-gobierno-entrego-20-viviendas-y-libros-para-familias-beneficiarias-de-margarita-belen","status":"publish","type":"post","link":"https:\/\/chacosintesis.com.ar\/index.php\/el-gobierno-entrego-20-viviendas-y-libros-para-familias-beneficiarias-de-margarita-belen\/","title":{"rendered":"El gobierno entreg\u00f3 20 viviendas y libros para familias beneficiarias de Margarita Bel\u00e9n"},"content":{"rendered":"<p>El gobierno provincial entreg\u00f3 esta tarde-noche 20 viviendas a beneficiarios de Margarita Bel\u00e9n con una biblioteca a cada familia que incluye 14 t\u00edtulos editados e impresos especialmente para el Programa \u201cLibros y Casas\u201d del Ministerio de Cultura de Naci\u00f3n. De la actividad participaron el gobernador Jorge Capitanich; el ministro de Cultura de la Naci\u00f3n, Trist\u00e1n Bauer; el titular del IPDUV, Diego Ar\u00e9valo; el presidente del Instituto de Cultura del Chaco, Francisco Romero y el intendente de Margarita Bel\u00e9n, Javier Mart\u00ednez; junto a vecinas y vecinos y dem\u00e1s autoridades locales y provinciales.<br \/>\nLas 20 viviendas, m\u00e1s infraestructura y obras complementarias, demandaron una inversi\u00f3n total de $ 164.115.378,11 (viviendas: $ 135.753.168,56 e infraestructura: $ 28.362.209,55); financiadas a trav\u00e9s del programa Casa Propia &#8211; Construir Futuro y del Foprovi. Las obras generaron unos 60 puestos de trabajo y se trata de 19 viviendas standard (dos dormitorios y superficie total 64 m2) y una destinada para personas con discapacidad  (dos dormitorios y superficie total 64 m2).<br \/>\n\u201cLa construcci\u00f3n de una vivienda garantiza el acceso a dos derechos: el derecho a la vivienda y al trabajo digno de nuestros trabajadores que han podido llevar un plato de comida todos los d\u00edas a la mesa de cada hogar\u201d, expres\u00f3 el mandatario provincial.<br \/>\nNuevas tipolog\u00edas de viviendas<br \/>\nEl titular del IPDUV, Diego Ar\u00e9valo destac\u00f3 que se trata de \u201cviviendas distintas, con nuevas tipolog\u00edas\u201d, resaltando la importancia del proceso de adjudicaci\u00f3n mediante sorteo p\u00fablico. \u201cHemos estado visitando cada uno de los casos que se hab\u00edan sorteado y aquellos que no cumpl\u00edan los requisitos se han vuelto a sortear, y eso le da transparencia a un proceso que antes se reclamaba que no la ten\u00eda\u201d, se\u00f1al\u00f3.<br \/>\nLas viviendas entregadas son las primeras de un Plan que prev\u00e9 159 para Margarita Bel\u00e9n, en tanto que otras 27 est\u00e1n en proceso de ejecuci\u00f3n para pr\u00f3ximas adjudicaciones a trav\u00e9s de sorteo p\u00fablico. A su vez tambi\u00e9n est\u00e1 un programa de 32 viviendas de Pami y  80 viviendas m\u00e1s, en proceso de proyecto ejecutivo con los tr\u00e1mites correspondientes.<br \/>\nM\u00e1s viviendas<br \/>\n \u201cHoy se entregan 20 viviendas, pero se est\u00e1n construyendo 27 y 32 m\u00e1s en otros espacios; y estamos muy cerca de concretar otro proyecto de 80 viviendas para la localidad\u201d, destac\u00f3 el jefe comunal. Y concluy\u00f3: \u201cEs un gran honor y estoy emocionado porque estas son las primeras viviendas que estamos entregando en mi gesti\u00f3n como intendente\u201d.<br \/>\n\u201cEn estas viviendas trabajando m\u00e1s de 50 obreros m\u00e1s otros 70 en los otros proyectos que son de la localidad y que llevan un plato de comida a su casa a trav\u00e9s de la obra p\u00fablica\u201d, finaliz\u00f3 Javier Mart\u00ednez.<\/p>\n","protected":false},"excerpt":{"rendered":"<p>El gobierno provincial entreg\u00f3 esta tarde-noche 20 viviendas a beneficiarios de Margarita Bel\u00e9n con una biblioteca a cada familia que incluye 14 t\u00edtulos editados e impresos especialmente para el Programa \u201cLibros y Casas\u201d del Ministerio de Cultura de Naci\u00f3n. De la actividad participaron el gobernador Jorge Capitanich; el ministro de Cultura de la Naci\u00f3n, Trist\u00e1n [&hellip;]<\/p>\n","protected":false},"author":1,"featured_media":17373,"comment_status":"closed","ping_status":"closed","sticky":false,"template":"","format":"standard","meta":{"footnotes":""},"categories":[6],"tags":[],"class_list":{"0":"post-17372","1":"post","2":"type-post","3":"status-publish","4":"format-standard","5":"has-post-thumbnail","7":"category-chaco"},"_links":{"self":[{"href":"https:\/\/chacosintesis.com.ar\/index.php\/wp-json\/wp\/v2\/posts\/17372","targetHints":{"allow":["GET"]}}],"collection":[{"href":"https:\/\/chacosintesis.com.ar\/index.php\/wp-json\/wp\/v2\/posts"}],"about":[{"href":"https:\/\/chacosintesis.com.ar\/index.php\/wp-json\/wp\/v2\/types\/post"}],"author":[{"embeddable":true,"href":"https:\/\/chacosintesis.com.ar\/index.php\/wp-json\/wp\/v2\/users\/1"}],"replies":[{"embeddable":true,"href":"https:\/\/chacosintesis.com.ar\/index.php\/wp-json\/wp\/v2\/comments?post=17372"}],"version-history":[{"count":0,"href":"https:\/\/chacosintesis.com.ar\/index.php\/wp-json\/wp\/v2\/posts\/17372\/revisions"}],"wp:featuredmedia":[{"embeddable":true,"href":"https:\/\/chacosintesis.com.ar\/index.php\/wp-json\/wp\/v2\/media\/17373"}],"wp:attachment":[{"href":"https:\/\/chacosintesis.com.ar\/index.php\/wp-json\/wp\/v2\/media?parent=17372"}],"wp:term":[{"taxonomy":"category","embeddable":true,"href":"https:\/\/chacosintesis.com.ar\/index.php\/wp-json\/wp\/v2\/categories?post=17372"},{"taxonomy":"post_tag","embeddable":true,"href":"https:\/\/chacosintesis.com.ar\/index.php\/wp-json\/wp\/v2\/tags?post=17372"}],"curies":[{"name":"wp","href":"https:\/\/api.w.org\/{rel}","templated":true}]}}