{"id":17364,"date":"2022-10-06T11:41:08","date_gmt":"2022-10-06T14:41:08","guid":{"rendered":"https:\/\/chacosintesis.com.ar\/?p=17364"},"modified":"2022-10-06T12:10:20","modified_gmt":"2022-10-06T15:10:20","slug":"mariana-dure-la-referi-chaquena-que-debuta-este-sabado-en-la-liga-profesional","status":"publish","type":"post","link":"https:\/\/chacosintesis.com.ar\/index.php\/mariana-dure-la-referi-chaquena-que-debuta-este-sabado-en-la-liga-profesional\/","title":{"rendered":"Mariana Dur\u00e9, la referi chaque\u00f1a que debuta este s\u00e1bado en la Liga Profesional"},"content":{"rendered":"<p>El partido entre Platense y Col\u00f3n de Santa Fe previsto para este s\u00e1bado a las 20:30 tendr\u00e1 un condimento especial, ya que ser\u00e1 el debut de Mariana Dur\u00e9, la primera \u00e1rbitra chaque\u00f1a en llegar a la m\u00e1xima categor\u00eda del f\u00fatbol nacional.<br \/>\nLa jueza ocupar\u00e1 el rol de asistente N\u00b0 2, acompa\u00f1ada por el refer\u00ed principal, Ariel Penel, y el asistente N\u00b0 1, Facundo Rodr\u00edguez, mientras que el cuarto \u00e1rbitro ser\u00e1 Cristian Cernadas. Adem\u00e1s, desde el Var acompa\u00f1ar\u00e1 Jorge Bali\u00f1o y Mariana de Almeida.<br \/>\nLa embajadora provincial comenz\u00f3 su carrera en 2010 en la Liga Chaque\u00f1a de F\u00fatbol, donde dio sus primeros pasos hasta tener el \u2018salto\u2019 a la Primera Nacional durante junio del 2021, haciendo su debut como asistente N\u00b0 2 en un partido entre All Boys y Almagro.<\/p>\n","protected":false},"excerpt":{"rendered":"<p>El partido entre Platense y Col\u00f3n de Santa Fe previsto para este s\u00e1bado a las 20:30 tendr\u00e1 un condimento especial, ya que ser\u00e1 el debut de Mariana Dur\u00e9, la primera \u00e1rbitra chaque\u00f1a en llegar a la m\u00e1xima categor\u00eda del f\u00fatbol nacional. La jueza ocupar\u00e1 el rol de asistente N\u00b0 2, acompa\u00f1ada por el refer\u00ed principal, [&hellip;]<\/p>\n","protected":false},"author":1,"featured_media":17365,"comment_status":"closed","ping_status":"closed","sticky":false,"template":"","format":"standard","meta":{"footnotes":""},"categories":[6],"tags":[],"class_list":{"0":"post-17364","1":"post","2":"type-post","3":"status-publish","4":"format-standard","5":"has-post-thumbnail","7":"category-chaco"},"_links":{"self":[{"href":"https:\/\/chacosintesis.com.ar\/index.php\/wp-json\/wp\/v2\/posts\/17364","targetHints":{"allow":["GET"]}}],"collection":[{"href":"https:\/\/chacosintesis.com.ar\/index.php\/wp-json\/wp\/v2\/posts"}],"about":[{"href":"https:\/\/chacosintesis.com.ar\/index.php\/wp-json\/wp\/v2\/types\/post"}],"author":[{"embeddable":true,"href":"https:\/\/chacosintesis.com.ar\/index.php\/wp-json\/wp\/v2\/users\/1"}],"replies":[{"embeddable":true,"href":"https:\/\/chacosintesis.com.ar\/index.php\/wp-json\/wp\/v2\/comments?post=17364"}],"version-history":[{"count":0,"href":"https:\/\/chacosintesis.com.ar\/index.php\/wp-json\/wp\/v2\/posts\/17364\/revisions"}],"wp:featuredmedia":[{"embeddable":true,"href":"https:\/\/chacosintesis.com.ar\/index.php\/wp-json\/wp\/v2\/media\/17365"}],"wp:attachment":[{"href":"https:\/\/chacosintesis.com.ar\/index.php\/wp-json\/wp\/v2\/media?parent=17364"}],"wp:term":[{"taxonomy":"category","embeddable":true,"href":"https:\/\/chacosintesis.com.ar\/index.php\/wp-json\/wp\/v2\/categories?post=17364"},{"taxonomy":"post_tag","embeddable":true,"href":"https:\/\/chacosintesis.com.ar\/index.php\/wp-json\/wp\/v2\/tags?post=17364"}],"curies":[{"name":"wp","href":"https:\/\/api.w.org\/{rel}","templated":true}]}}