{"id":17358,"date":"2022-10-05T11:18:24","date_gmt":"2022-10-05T14:18:24","guid":{"rendered":"https:\/\/chacosintesis.com.ar\/?p=17358"},"modified":"2022-10-05T11:36:43","modified_gmt":"2022-10-05T14:36:43","slug":"peche-mas-ajuste-para-quien-trabaja-y-viva-la-pepa-para-el-resto","status":"publish","type":"post","link":"https:\/\/chacosintesis.com.ar\/index.php\/peche-mas-ajuste-para-quien-trabaja-y-viva-la-pepa-para-el-resto\/","title":{"rendered":"Peche: &#8220;M\u00e1s ajuste para quien trabaja y viva la pepa para el resto&#8221;"},"content":{"rendered":"<p>Finalizada la presentaci\u00f3n efectuada por el gobernador Jorge Capitanich del proyecto de Ley de presupuesto provincial 2023 en la Legislatura, el presidente del interbloque de diputados de la UCR, Carim Peche, hizo un an\u00e1lisis de la exposici\u00f3n brindada por el primer mandatario provincial.<br \/>\nAl respecto Peche expres\u00f3 \u201cSi bien todav\u00eda no lo hemos analizado en detalle porque reci\u00e9n se acaba de presentar, de los anuncios efectuados por el gobernador Capitanich podemos adelantar que el 2023 no ser\u00e1 mejor para los chaque\u00f1os, se profundizar\u00e1 el ajuste sobre quienes trabajan y seguir\u00e1 el viva la pepa para el resto\u201d<br \/>\n\u201cLos recursos del presupuesto 2023 han crecido un 130% respecto del a\u00f1o 2022,  sin embargo por lo que hemos escuchado  del gobernador, las metas establecidas siguen estando muy lejos de las demandas de la sociedad, Chaco no tiene problema de dinero, es la cuarta provincia que m\u00e1s fondos recibe.  Entre enero y septiembre de este a\u00f1o ingresaron al Chaco $209.000 millones, sin embargo los aumentos salariales no alcanzan el 40% frente a una inflaci\u00f3n que superar\u00e1 el 100%, no se garantizan derechos y libertades como el acceso a salud y educaci\u00f3n de calidad, a la alimentaci\u00f3n, la seguridad, la libre circulaci\u00f3n, tampoco se terminaron obras esenciales como el segundo acueducto, los servicios p\u00fablicos con car\u00edsimos y deficientes, no se acompa\u00f1a a los sectores que producen y generan empleo como el comercio, la industria, las pymes o los emprendedores\u201d<br \/>\n\u201cLa deuda p\u00fablica de la administraci\u00f3n central, organismos aut\u00e1rquicos y descentralizados sigue creciendo, el a\u00f1o 2021 cerr\u00f3 con $67.000 millones, a agosto de este a\u00f1o alcanza los $92.000 millones, sin contar la deuda de organismos y empresas p\u00fablicas como Secheep, Sameep, Insssep, Ecom y otras que termina siendo financiando el gobierno provincial \u00bfEst\u00e1 mal tomar deuda? no, pero siempre y cuando ese dinero  est\u00e9 destinado  a mejorar la calidad de vida de los chaque\u00f1os, cosa que no ocurre\u201d.<br \/>\nFinalmente adelant\u00f3 que \u201cDesde nuestro bloque vamos a analizar detalladamente el presupuesto 2023 de manera de poder sugerir las modificaciones que consideramos necesarias para que haya una distribuci\u00f3n equitativa e inclusiva delos recursos\u201d.<\/p>\n","protected":false},"excerpt":{"rendered":"<p>Finalizada la presentaci\u00f3n efectuada por el gobernador Jorge Capitanich del proyecto de Ley de presupuesto provincial 2023 en la Legislatura, el presidente del interbloque de diputados de la UCR, Carim Peche, hizo un an\u00e1lisis de la exposici\u00f3n brindada por el primer mandatario provincial. Al respecto Peche expres\u00f3 \u201cSi bien todav\u00eda no lo hemos analizado en [&hellip;]<\/p>\n","protected":false},"author":1,"featured_media":17359,"comment_status":"closed","ping_status":"closed","sticky":false,"template":"","format":"standard","meta":{"footnotes":""},"categories":[6],"tags":[],"class_list":{"0":"post-17358","1":"post","2":"type-post","3":"status-publish","4":"format-standard","5":"has-post-thumbnail","7":"category-chaco"},"_links":{"self":[{"href":"https:\/\/chacosintesis.com.ar\/index.php\/wp-json\/wp\/v2\/posts\/17358","targetHints":{"allow":["GET"]}}],"collection":[{"href":"https:\/\/chacosintesis.com.ar\/index.php\/wp-json\/wp\/v2\/posts"}],"about":[{"href":"https:\/\/chacosintesis.com.ar\/index.php\/wp-json\/wp\/v2\/types\/post"}],"author":[{"embeddable":true,"href":"https:\/\/chacosintesis.com.ar\/index.php\/wp-json\/wp\/v2\/users\/1"}],"replies":[{"embeddable":true,"href":"https:\/\/chacosintesis.com.ar\/index.php\/wp-json\/wp\/v2\/comments?post=17358"}],"version-history":[{"count":0,"href":"https:\/\/chacosintesis.com.ar\/index.php\/wp-json\/wp\/v2\/posts\/17358\/revisions"}],"wp:featuredmedia":[{"embeddable":true,"href":"https:\/\/chacosintesis.com.ar\/index.php\/wp-json\/wp\/v2\/media\/17359"}],"wp:attachment":[{"href":"https:\/\/chacosintesis.com.ar\/index.php\/wp-json\/wp\/v2\/media?parent=17358"}],"wp:term":[{"taxonomy":"category","embeddable":true,"href":"https:\/\/chacosintesis.com.ar\/index.php\/wp-json\/wp\/v2\/categories?post=17358"},{"taxonomy":"post_tag","embeddable":true,"href":"https:\/\/chacosintesis.com.ar\/index.php\/wp-json\/wp\/v2\/tags?post=17358"}],"curies":[{"name":"wp","href":"https:\/\/api.w.org\/{rel}","templated":true}]}}