{"id":17336,"date":"2022-10-03T22:06:31","date_gmt":"2022-10-04T01:06:31","guid":{"rendered":"https:\/\/chacosintesis.com.ar\/?p=17336"},"modified":"2022-10-03T22:10:23","modified_gmt":"2022-10-04T01:10:23","slug":"el-gobernador-en-el-sudoeste-para-inaugurar-multiples-obras-de-infraestructura","status":"publish","type":"post","link":"https:\/\/chacosintesis.com.ar\/index.php\/el-gobernador-en-el-sudoeste-para-inaugurar-multiples-obras-de-infraestructura\/","title":{"rendered":"El gobernador en el Sudoeste para inaugurar m\u00faltiples obras de infraestructura"},"content":{"rendered":"<p>El gobernador Jorge Capitanich estar\u00e1 este martes 4 de octubre en Charata y Villa \u00c1ngela. En la Perla del Oeste, el mandatario provincial \u2013junto a la vicegobernadora Anal\u00eda Rach Quiroga y la intendenta Alejandra Campos- habilitar\u00e1 diversas obras en el cumplea\u00f1os 108 de esa ciudad del sudoeste provincial.<br \/>\nEl programa por el aniversario de Charata comenzar\u00e1 a las 8, con el izamiento de Bandera Nacional en M\u00e1stil de la Plaza San Mart\u00edn y la Canci\u00f3n Aurora. Luego, desde las 9, se desarrollar\u00e1 una seguidilla de inauguraciones; entre las que se  destaca las 26 cuadras de Pavimento Urbano con Iluminaci\u00f3n y Desag\u00fce. Se trata de una inversi\u00f3n de $ 427.934.782,63, con financiamiento del Banco Interamericano de Desarrollo (BID). La obra consisti\u00f3 en la ejecuci\u00f3n de desag\u00fces pluviales, pavimentaci\u00f3n, iluminaci\u00f3n y remodelaci\u00f3n de la Plaza Belgrano.<br \/>\nEl acto central arrancar\u00e1 a las 10, con la presentaci\u00f3n de Banderas de Ceremonia;     Himno Nacional Argentino; Canci\u00f3n Oficial del Chaco; Minuto de silencio en homenaje a los antiguos pobladores; invocaci\u00f3n religiosa a cargo del cura p\u00e1rroco Mario M\u00e1rques y del presidente del Consejo Pastoral Norberto Hun. A las 10:40, inicio del Desfile Aleg\u00f3rico. A su vez, se inaugurar\u00e1n las obras del piso de Parquet en Asociaci\u00f3n Espa\u00f1ola y una planta hormigonera.<br \/>\nDespu\u00e9s del mediod\u00eda, el gobernador y su comitiva estar\u00e1n en Villa \u00c1ngela, oportunidad en la que habilitar\u00e1n obras de pavimento urbano y presentar\u00e1 oficialmente la campa\u00f1a algodonera.<\/p>\n","protected":false},"excerpt":{"rendered":"<p>El gobernador Jorge Capitanich estar\u00e1 este martes 4 de octubre en Charata y Villa \u00c1ngela. En la Perla del Oeste, el mandatario provincial \u2013junto a la vicegobernadora Anal\u00eda Rach Quiroga y la intendenta Alejandra Campos- habilitar\u00e1 diversas obras en el cumplea\u00f1os 108 de esa ciudad del sudoeste provincial. El programa por el aniversario de Charata [&hellip;]<\/p>\n","protected":false},"author":1,"featured_media":17337,"comment_status":"closed","ping_status":"closed","sticky":false,"template":"","format":"standard","meta":{"footnotes":""},"categories":[6],"tags":[],"class_list":{"0":"post-17336","1":"post","2":"type-post","3":"status-publish","4":"format-standard","5":"has-post-thumbnail","7":"category-chaco"},"_links":{"self":[{"href":"https:\/\/chacosintesis.com.ar\/index.php\/wp-json\/wp\/v2\/posts\/17336","targetHints":{"allow":["GET"]}}],"collection":[{"href":"https:\/\/chacosintesis.com.ar\/index.php\/wp-json\/wp\/v2\/posts"}],"about":[{"href":"https:\/\/chacosintesis.com.ar\/index.php\/wp-json\/wp\/v2\/types\/post"}],"author":[{"embeddable":true,"href":"https:\/\/chacosintesis.com.ar\/index.php\/wp-json\/wp\/v2\/users\/1"}],"replies":[{"embeddable":true,"href":"https:\/\/chacosintesis.com.ar\/index.php\/wp-json\/wp\/v2\/comments?post=17336"}],"version-history":[{"count":0,"href":"https:\/\/chacosintesis.com.ar\/index.php\/wp-json\/wp\/v2\/posts\/17336\/revisions"}],"wp:featuredmedia":[{"embeddable":true,"href":"https:\/\/chacosintesis.com.ar\/index.php\/wp-json\/wp\/v2\/media\/17337"}],"wp:attachment":[{"href":"https:\/\/chacosintesis.com.ar\/index.php\/wp-json\/wp\/v2\/media?parent=17336"}],"wp:term":[{"taxonomy":"category","embeddable":true,"href":"https:\/\/chacosintesis.com.ar\/index.php\/wp-json\/wp\/v2\/categories?post=17336"},{"taxonomy":"post_tag","embeddable":true,"href":"https:\/\/chacosintesis.com.ar\/index.php\/wp-json\/wp\/v2\/tags?post=17336"}],"curies":[{"name":"wp","href":"https:\/\/api.w.org\/{rel}","templated":true}]}}