{"id":17324,"date":"2022-10-03T09:48:29","date_gmt":"2022-10-03T12:48:29","guid":{"rendered":"https:\/\/chacosintesis.com.ar\/?p=17324"},"modified":"2022-10-03T10:09:03","modified_gmt":"2022-10-03T13:09:03","slug":"chaco-lleva-adelante-la-campana-de-vacunacion-pediatrica","status":"publish","type":"post","link":"https:\/\/chacosintesis.com.ar\/index.php\/chaco-lleva-adelante-la-campana-de-vacunacion-pediatrica\/","title":{"rendered":"Chaco lleva adelante la campa\u00f1a de vacunaci\u00f3n pedi\u00e1trica"},"content":{"rendered":"<p>Desde el primero de octubre y hasta el 13 de noviembre, se realiza en todo el pa\u00eds la campa\u00f1a de inmunizaci\u00f3n para ni\u00f1as y ni\u00f1os desde los 13 meses hasta los 4 a\u00f1os.<br \/>\n El 1 de octubre se inici\u00f3 la campa\u00f1a de vacunaci\u00f3n pedi\u00e1trica en Argentina. Chaco se sum\u00f3 con postas en todo el territorio provincial. Al respecto, la directora de inmunizaciones de la provincia, Mar\u00eda Laura Lescano, habl\u00f3 con Chaco Tv sobre la importancia de este trabajo.<br \/>\nLa m\u00e9dica dijo que se realiza la inmunizaci\u00f3n contra el sarampi\u00f3n, la rub\u00e9ola, paperas y contra la poliomielitis en ni\u00f1os y ni\u00f1as desde los 13 meses a los 4 a\u00f1os.<br \/>\nLescano dijo que Chaco siempre ha tenido altas coberturas y que se trata de \u201cuna poblaci\u00f3n que siempre est\u00e1 en riesgo\u201d. Coment\u00f3 que \u201cestas enfermedades en los ni\u00f1os y ni\u00f1as pueden evolucionar r\u00e1pidamente y llevar a la muerte\u201d, por este motivo el personal de salud se capacita para planificar y supervisar la vacunaci\u00f3n.<br \/>\nLa directora de inmunizaciones inform\u00f3 que la campa\u00f1a se lleva a cabo hasta el 13 de noviembre y que las vacunas disponibles est\u00e1n en el Calendario Nacional de Vacunaci\u00f3n, expres\u00f3 que son \u201cefectivas y seguras\u201d.<\/p>\n","protected":false},"excerpt":{"rendered":"<p>Desde el primero de octubre y hasta el 13 de noviembre, se realiza en todo el pa\u00eds la campa\u00f1a de inmunizaci\u00f3n para ni\u00f1as y ni\u00f1os desde los 13 meses hasta los 4 a\u00f1os. El 1 de octubre se inici\u00f3 la campa\u00f1a de vacunaci\u00f3n pedi\u00e1trica en Argentina. Chaco se sum\u00f3 con postas en todo el territorio [&hellip;]<\/p>\n","protected":false},"author":1,"featured_media":17325,"comment_status":"closed","ping_status":"closed","sticky":false,"template":"","format":"standard","meta":{"footnotes":""},"categories":[6],"tags":[],"class_list":{"0":"post-17324","1":"post","2":"type-post","3":"status-publish","4":"format-standard","5":"has-post-thumbnail","7":"category-chaco"},"_links":{"self":[{"href":"https:\/\/chacosintesis.com.ar\/index.php\/wp-json\/wp\/v2\/posts\/17324","targetHints":{"allow":["GET"]}}],"collection":[{"href":"https:\/\/chacosintesis.com.ar\/index.php\/wp-json\/wp\/v2\/posts"}],"about":[{"href":"https:\/\/chacosintesis.com.ar\/index.php\/wp-json\/wp\/v2\/types\/post"}],"author":[{"embeddable":true,"href":"https:\/\/chacosintesis.com.ar\/index.php\/wp-json\/wp\/v2\/users\/1"}],"replies":[{"embeddable":true,"href":"https:\/\/chacosintesis.com.ar\/index.php\/wp-json\/wp\/v2\/comments?post=17324"}],"version-history":[{"count":0,"href":"https:\/\/chacosintesis.com.ar\/index.php\/wp-json\/wp\/v2\/posts\/17324\/revisions"}],"wp:featuredmedia":[{"embeddable":true,"href":"https:\/\/chacosintesis.com.ar\/index.php\/wp-json\/wp\/v2\/media\/17325"}],"wp:attachment":[{"href":"https:\/\/chacosintesis.com.ar\/index.php\/wp-json\/wp\/v2\/media?parent=17324"}],"wp:term":[{"taxonomy":"category","embeddable":true,"href":"https:\/\/chacosintesis.com.ar\/index.php\/wp-json\/wp\/v2\/categories?post=17324"},{"taxonomy":"post_tag","embeddable":true,"href":"https:\/\/chacosintesis.com.ar\/index.php\/wp-json\/wp\/v2\/tags?post=17324"}],"curies":[{"name":"wp","href":"https:\/\/api.w.org\/{rel}","templated":true}]}}