{"id":17310,"date":"2022-10-01T08:12:05","date_gmt":"2022-10-01T11:12:05","guid":{"rendered":"https:\/\/chacosintesis.com.ar\/?p=17310"},"modified":"2022-10-01T08:14:33","modified_gmt":"2022-10-01T11:14:33","slug":"desmiente-informacion-falsa-sobre-la-campana-de-vacunacion-contra-paperas-poliomielitis-rubeola-y-sarampion","status":"publish","type":"post","link":"https:\/\/chacosintesis.com.ar\/index.php\/desmiente-informacion-falsa-sobre-la-campana-de-vacunacion-contra-paperas-poliomielitis-rubeola-y-sarampion\/","title":{"rendered":"Desmiente informaci\u00f3n falsa sobre la campa\u00f1a de vacunaci\u00f3n contra paperas, poliomielitis, rub\u00e9ola y sarampi\u00f3n"},"content":{"rendered":"<p>Desde la cartera sanitaria hicieron un llamado a la poblaci\u00f3n a concurrir a los vacunatorios habilitados en toda la provincia, y garantizaron la efectividad, seguridad y el correcto proceso de gesti\u00f3n de las vacunas.<\/p>\n<p>En virtud de la circulaci\u00f3n en redes sociales de mensajes malintencionados e im\u00e1genes tergiversadas en relaci\u00f3n a las vacunas dispuestas a utilizarse a partir de este s\u00e1bado 1 de octubre en la Campa\u00f1a Nacional de Vacunaci\u00f3n contra paperas, poliomielitis, rub\u00e9ola y sarampi\u00f3n, el Ministerio de Salud P\u00fablica informa a toda la comunidad que durante la \u00faltima semana se distribuyeron las vacunas correspondientes a aplicar durante octubre, cuyos lotes pertenecen a la marca Merck, con vencimiento en octubre del a\u00f1o 2023 y junio del a\u00f1o 2024.<br \/>\n&#8220;La difusi\u00f3n y circulaci\u00f3n de mensajes falsos afecta al desarrollo de la Campa\u00f1a nacional y provincial y lesiona la legitimidad de los procesos de inmunizaci\u00f3n que han salvado y salvan la vida de miles de ni\u00f1os y ni\u00f1as alrededor del mundo&#8221;, aseguraron desde la cartera sanitaria.<br \/>\nAsimismo, el Ministerio de Salud P\u00fablica aclar\u00f3 que los procesos de compra y adquisici\u00f3n de vacunas son realizados por el Ministerio de Salud de la Naci\u00f3n, mientras que la recepci\u00f3n y distribuci\u00f3n, as\u00ed como la colocaci\u00f3n de las dosis se realiza a trav\u00e9s de los dispositivos t\u00e9cnicos, log\u00edsticos y sanitarios de la provincia.<br \/>\nDesde la cartera sanitaria remarcaron que todas las vacunas que se aplican en la poblaci\u00f3n son efectivas y seguras, y tanto la cadena de fr\u00edo como su fecha de vencimiento son supervisadas permanentemente. El proceso de gesti\u00f3n de los insumos para la inmunizaci\u00f3n est\u00e1 sujeto a estrictos mecanismos de control y auditor\u00eda tanto internos como externos, entre los que se establece que las vacunas que se vencen son descartadas de manera inmediata.<br \/>\n&#8220;Colocar una vacuna que no re\u00fane las condiciones adecuadas acarrea una responsabilidad penal, civil y administrativa para quien lo realice por fuera de la normativa vigente aplicada de modo riguroso por el Ministerio de Salud P\u00fablica&#8221;, advirtieron desde el Ministerio.<br \/>\nPor \u00faltimo, convocaron a la comunidad a concurrir a los vacunatorios habilitados en toda la provincia, garantizando as\u00ed la aplicaci\u00f3n de las vacunas y la mejora de las coberturas de inmunizaci\u00f3n para seguir cuidando a nuestros ni\u00f1os y ni\u00f1as. Las vacunas son un derecho y salvan vidas.<\/p>\n<p>DIARIO  NORTE.-<\/p>\n","protected":false},"excerpt":{"rendered":"<p>Desde la cartera sanitaria hicieron un llamado a la poblaci\u00f3n a concurrir a los vacunatorios habilitados en toda la provincia, y garantizaron la efectividad, seguridad y el correcto proceso de gesti\u00f3n de las vacunas. En virtud de la circulaci\u00f3n en redes sociales de mensajes malintencionados e im\u00e1genes tergiversadas en relaci\u00f3n a las vacunas dispuestas a [&hellip;]<\/p>\n","protected":false},"author":1,"featured_media":17311,"comment_status":"closed","ping_status":"closed","sticky":false,"template":"","format":"standard","meta":{"footnotes":""},"categories":[6],"tags":[],"class_list":{"0":"post-17310","1":"post","2":"type-post","3":"status-publish","4":"format-standard","5":"has-post-thumbnail","7":"category-chaco"},"_links":{"self":[{"href":"https:\/\/chacosintesis.com.ar\/index.php\/wp-json\/wp\/v2\/posts\/17310","targetHints":{"allow":["GET"]}}],"collection":[{"href":"https:\/\/chacosintesis.com.ar\/index.php\/wp-json\/wp\/v2\/posts"}],"about":[{"href":"https:\/\/chacosintesis.com.ar\/index.php\/wp-json\/wp\/v2\/types\/post"}],"author":[{"embeddable":true,"href":"https:\/\/chacosintesis.com.ar\/index.php\/wp-json\/wp\/v2\/users\/1"}],"replies":[{"embeddable":true,"href":"https:\/\/chacosintesis.com.ar\/index.php\/wp-json\/wp\/v2\/comments?post=17310"}],"version-history":[{"count":0,"href":"https:\/\/chacosintesis.com.ar\/index.php\/wp-json\/wp\/v2\/posts\/17310\/revisions"}],"wp:featuredmedia":[{"embeddable":true,"href":"https:\/\/chacosintesis.com.ar\/index.php\/wp-json\/wp\/v2\/media\/17311"}],"wp:attachment":[{"href":"https:\/\/chacosintesis.com.ar\/index.php\/wp-json\/wp\/v2\/media?parent=17310"}],"wp:term":[{"taxonomy":"category","embeddable":true,"href":"https:\/\/chacosintesis.com.ar\/index.php\/wp-json\/wp\/v2\/categories?post=17310"},{"taxonomy":"post_tag","embeddable":true,"href":"https:\/\/chacosintesis.com.ar\/index.php\/wp-json\/wp\/v2\/tags?post=17310"}],"curies":[{"name":"wp","href":"https:\/\/api.w.org\/{rel}","templated":true}]}}