{"id":17306,"date":"2022-09-30T21:48:38","date_gmt":"2022-10-01T00:48:38","guid":{"rendered":"https:\/\/chacosintesis.com.ar\/?p=17306"},"modified":"2022-09-30T22:06:41","modified_gmt":"2022-10-01T01:06:41","slug":"desde-estados-unidos-capitanich-anuncio-que-llega-la-primera-fabrica-de-new-balance-al-chaco","status":"publish","type":"post","link":"https:\/\/chacosintesis.com.ar\/index.php\/desde-estados-unidos-capitanich-anuncio-que-llega-la-primera-fabrica-de-new-balance-al-chaco\/","title":{"rendered":"Desde Estados Unidos, Capitanich anunci\u00f3 que llega la primera f\u00e1brica de New Balance al Chaco"},"content":{"rendered":"<p>Se radicar\u00e1 en el parque industrial de Puerto Tirol en asociaci\u00f3n con la empresa chaque\u00f1a Punto Medio. &#8220;El proceso de producci\u00f3n iniciar\u00e1 en febrero&#8221;, inform\u00f3 el mandatario.<br \/>\n El gobernador Jorge Capitanich anunci\u00f3 este viernes que, como resultado de las gestiones realizadas por la comitiva del Gobierno provincial en los Estados Unidos, la firma de indumentaria deportiva y zapatillas New Balance se instalar\u00e1 en el Chaco, en un proyecto que implicar\u00e1 la incorporaci\u00f3n gradual de 250 empleos.<br \/>\n\u201cEs un avance importante en el proceso de base industrial que tiene la provincia y que generar\u00e1 expectativas favorables de crecimiento. Tener una marca global en el Chaco es un hecho trascendente y nos llena de enorme satisfacci\u00f3n\u201d, asegur\u00f3 el mandatario tras la visita a la compa\u00f1\u00eda junto al ministro de Industria, Producci\u00f3n y Empleo, Sebasti\u00e1n Lifton.<br \/>\nLa reconocida marca a nivel internacional se instalar\u00e1 en el parque industrial de Puerto Tirol y comenzar\u00e1 su proceso de producci\u00f3n en febrero, luego de la capacitaci\u00f3n del personal. \u201cVisitamos la planta de New Balance en Boston y estamos trabajando en los detalles espec\u00edficos para la instalaci\u00f3n en el Chaco\u201d, expres\u00f3 el gobernador desde los Estados Unidos.<br \/>\nAs\u00ed, detall\u00f3 que este proyecto consiste en la incorporaci\u00f3n inicial de dos l\u00edneas de producci\u00f3n que se llevar\u00e1n adelante en un predio de 4 mil metros cuadrados. \u201cComenzar\u00e1 a operar de manera efectiva en febrero, luego de la capacitaci\u00f3n del personal que se realizar\u00e1 hasta fin de a\u00f1o\u201d, precis\u00f3.<br \/>\nCapitanich record\u00f3 que semanas atr\u00e1s se acord\u00f3 la instalaci\u00f3n en la provincia de la firma Kagiva, que comenzar\u00e1 a fabricar pelotas en noviembre. \u201cAmbas empresas forman parte del proceso de ir vinculando el deporte y sus insumos en la provincia\u201d, se\u00f1al\u00f3, y reiter\u00f3 que &#8220;el gran desaf\u00edo&#8221; de consolidar la cadena productiva algodonera, para aumentar su velocidad y competitividad.<br \/>\nLo novedoso en este caso es que la firma New Balance se asociar\u00e1 a la empresa chaque\u00f1a Punto Medio. &#8220;Eso es trascendental, New Balance se asocia a una empresa de Chaco, eso no se hizo nunca en Argentina&#8221;, resalt\u00f3 el gobernador, que junto al ministro Lifton fue recibido por Luis Velutini, director de Mercadeo Regional de New Balance; Jorge Coral, gerente General de JMC Group; y Rodrigo Ojeda, presidente de Punto Medio S.A.<br \/>\nSebasti\u00e1n Lifton dijo que &#8220;es una gran satisfacci\u00f3n, sobre todo habiendo observado hoy que f\u00e1bricas que producen para esta marca en Am\u00e9rica Latina que solamente estaban en Brasil&#8221;. &#8220;Que una se pueda instalar en Argentina, puntualmente en Chaco, nos llena de orgullo y tiene que ver con esta b\u00fasqueda de nuevos procesos industriales que venimos planteando en la provincia&#8221;, manifest\u00f3.<br \/>\nLa misi\u00f3n del Norte Grande<br \/>\nCapitanich se encuentra desde el lunes 26 en Estados Unidos junto a otros gobernadores de las provincias del Norte Grande argentino llevando adelante una misi\u00f3n comercial con el objetivo de atraer inversiones y promover el potencial exportador de la regi\u00f3n. \u201cCreemos que es imprescindible ver c\u00f3mo esta alianza estrat\u00e9gica que tenemos los gobernadores del Norte Grande se va corporizando en hechos concretos\u201d, haciendo referencia a los resultados que tuvo la misi\u00f3n en los Emiratos \u00c1rabes en marzo, y la experiencia durante esta semana.<br \/>\n&#8220;Buscamos generar una visi\u00f3n y una perspectiva de nuestra regi\u00f3n del norte grande, con sus riquezas y oportunidades, pero garantizando unidad desde el punto de vista pol\u00edtico para su transformaci\u00f3n. Son estrategias de exploraci\u00f3n, con el objetivo de promover inversiones, crecimiento y empleos de buena calidad en la provincia\u201d, sostuvo.<\/p>\n","protected":false},"excerpt":{"rendered":"<p>Se radicar\u00e1 en el parque industrial de Puerto Tirol en asociaci\u00f3n con la empresa chaque\u00f1a Punto Medio. &#8220;El proceso de producci\u00f3n iniciar\u00e1 en febrero&#8221;, inform\u00f3 el mandatario. El gobernador Jorge Capitanich anunci\u00f3 este viernes que, como resultado de las gestiones realizadas por la comitiva del Gobierno provincial en los Estados Unidos, la firma de indumentaria [&hellip;]<\/p>\n","protected":false},"author":1,"featured_media":17307,"comment_status":"closed","ping_status":"closed","sticky":false,"template":"","format":"standard","meta":{"footnotes":""},"categories":[6],"tags":[],"class_list":{"0":"post-17306","1":"post","2":"type-post","3":"status-publish","4":"format-standard","5":"has-post-thumbnail","7":"category-chaco"},"_links":{"self":[{"href":"https:\/\/chacosintesis.com.ar\/index.php\/wp-json\/wp\/v2\/posts\/17306","targetHints":{"allow":["GET"]}}],"collection":[{"href":"https:\/\/chacosintesis.com.ar\/index.php\/wp-json\/wp\/v2\/posts"}],"about":[{"href":"https:\/\/chacosintesis.com.ar\/index.php\/wp-json\/wp\/v2\/types\/post"}],"author":[{"embeddable":true,"href":"https:\/\/chacosintesis.com.ar\/index.php\/wp-json\/wp\/v2\/users\/1"}],"replies":[{"embeddable":true,"href":"https:\/\/chacosintesis.com.ar\/index.php\/wp-json\/wp\/v2\/comments?post=17306"}],"version-history":[{"count":0,"href":"https:\/\/chacosintesis.com.ar\/index.php\/wp-json\/wp\/v2\/posts\/17306\/revisions"}],"wp:featuredmedia":[{"embeddable":true,"href":"https:\/\/chacosintesis.com.ar\/index.php\/wp-json\/wp\/v2\/media\/17307"}],"wp:attachment":[{"href":"https:\/\/chacosintesis.com.ar\/index.php\/wp-json\/wp\/v2\/media?parent=17306"}],"wp:term":[{"taxonomy":"category","embeddable":true,"href":"https:\/\/chacosintesis.com.ar\/index.php\/wp-json\/wp\/v2\/categories?post=17306"},{"taxonomy":"post_tag","embeddable":true,"href":"https:\/\/chacosintesis.com.ar\/index.php\/wp-json\/wp\/v2\/tags?post=17306"}],"curies":[{"name":"wp","href":"https:\/\/api.w.org\/{rel}","templated":true}]}}