{"id":17304,"date":"2022-09-30T21:46:02","date_gmt":"2022-10-01T00:46:02","guid":{"rendered":"https:\/\/chacosintesis.com.ar\/?p=17304"},"modified":"2022-09-30T22:06:40","modified_gmt":"2022-10-01T01:06:40","slug":"detuvieron-a-un-hombre-por-difundir-imagenes-intimas-de-su-expareja","status":"publish","type":"post","link":"https:\/\/chacosintesis.com.ar\/index.php\/detuvieron-a-un-hombre-por-difundir-imagenes-intimas-de-su-expareja\/","title":{"rendered":"Detuvieron a un hombre por difundir im\u00e1genes \u00edntimas de su expareja"},"content":{"rendered":"<p>Un hombre de 38 a\u00f1os fue detenido por la Polic\u00eda del Chaco a causa de difundir fotos \u00edntimas de su expareja. La v\u00edctima hab\u00eda denunciado el hecho y tras una investigaci\u00f3n, los efectivos del Departamento Cibercrimen, apresaron al delincuente en su trabajo. Las fotos hab\u00edan sido difundidas en distintos sitios de internet sin su consentimiento.<br \/>\nCon la informaci\u00f3n dada por la ciudadana los efectivos comenzaron una serie de investigaciones para detener al supuesto autor. Con pistas fuertes recabadas, establecieron el posible domicilio laboral del implicado y solicitaron allanamiento al Juzgado de Faltas de Resistencia.<br \/>\nAyer, en horas de la ma\u00f1ana, se dirigieron al lugar y lograron la identificaci\u00f3n del  hombre y se incaut\u00f3 un CPU con el cual habr\u00eda subido el material \u00edntimo.<br \/>\nEl ciudadano fue conducido a la Comisar\u00eda Jurisdiccional y notificado de su detenci\u00f3n por la causa Supuesta Infracci\u00f3n al Art\u00edculo 139\u00b0 Bis del C\u00f3digo de Faltas Provincial.<br \/>\nEsta fue la primera detenci\u00f3n por esta infracci\u00f3n desde la implementaci\u00f3n del art\u00edculo 139\u00b0 Bis al C\u00f3digo de Faltas Provincial.<br \/>\nEl 13 de octubre de 2021 mediante la Ley N\u00b0 3440-j, se incorpor\u00f3 el Titulo XII \u2013 \u201cIdentidad Digital de las Personas\u201d el cual establece en su art\u00edculo 139\u00b0 Bis las penas para aquellos que difundan im\u00e1genes \u00edntimas con o sin consentimiento.<br \/>\nSi sos v\u00edctima de este tipo de difusiones, den\u00fancialo en el Departamento Cibercrimen al correo electr\u00f3nico <a href=\"mailto:ciberdelitos.chaco@chaco.gob.ar\">ciberdelitos.chaco@chaco.gob.ar<\/a>.<\/p>\n","protected":false},"excerpt":{"rendered":"<p>Un hombre de 38 a\u00f1os fue detenido por la Polic\u00eda del Chaco a causa de difundir fotos \u00edntimas de su expareja. La v\u00edctima hab\u00eda denunciado el hecho y tras una investigaci\u00f3n, los efectivos del Departamento Cibercrimen, apresaron al delincuente en su trabajo. Las fotos hab\u00edan sido difundidas en distintos sitios de internet sin su consentimiento. [&hellip;]<\/p>\n","protected":false},"author":1,"featured_media":17305,"comment_status":"closed","ping_status":"closed","sticky":false,"template":"","format":"standard","meta":{"footnotes":""},"categories":[6],"tags":[],"class_list":{"0":"post-17304","1":"post","2":"type-post","3":"status-publish","4":"format-standard","5":"has-post-thumbnail","7":"category-chaco"},"_links":{"self":[{"href":"https:\/\/chacosintesis.com.ar\/index.php\/wp-json\/wp\/v2\/posts\/17304","targetHints":{"allow":["GET"]}}],"collection":[{"href":"https:\/\/chacosintesis.com.ar\/index.php\/wp-json\/wp\/v2\/posts"}],"about":[{"href":"https:\/\/chacosintesis.com.ar\/index.php\/wp-json\/wp\/v2\/types\/post"}],"author":[{"embeddable":true,"href":"https:\/\/chacosintesis.com.ar\/index.php\/wp-json\/wp\/v2\/users\/1"}],"replies":[{"embeddable":true,"href":"https:\/\/chacosintesis.com.ar\/index.php\/wp-json\/wp\/v2\/comments?post=17304"}],"version-history":[{"count":0,"href":"https:\/\/chacosintesis.com.ar\/index.php\/wp-json\/wp\/v2\/posts\/17304\/revisions"}],"wp:featuredmedia":[{"embeddable":true,"href":"https:\/\/chacosintesis.com.ar\/index.php\/wp-json\/wp\/v2\/media\/17305"}],"wp:attachment":[{"href":"https:\/\/chacosintesis.com.ar\/index.php\/wp-json\/wp\/v2\/media?parent=17304"}],"wp:term":[{"taxonomy":"category","embeddable":true,"href":"https:\/\/chacosintesis.com.ar\/index.php\/wp-json\/wp\/v2\/categories?post=17304"},{"taxonomy":"post_tag","embeddable":true,"href":"https:\/\/chacosintesis.com.ar\/index.php\/wp-json\/wp\/v2\/tags?post=17304"}],"curies":[{"name":"wp","href":"https:\/\/api.w.org\/{rel}","templated":true}]}}