{"id":17302,"date":"2022-09-30T21:44:45","date_gmt":"2022-10-01T00:44:45","guid":{"rendered":"https:\/\/chacosintesis.com.ar\/?p=17302"},"modified":"2022-09-30T22:06:40","modified_gmt":"2022-10-01T01:06:40","slug":"vialidad-ejecuta-40-cuadras-de-pavimento-en-las-palmas","status":"publish","type":"post","link":"https:\/\/chacosintesis.com.ar\/index.php\/vialidad-ejecuta-40-cuadras-de-pavimento-en-las-palmas\/","title":{"rendered":"Vialidad ejecuta 40 cuadras de pavimento en Las Palmas"},"content":{"rendered":"<p>&#8220;Todas las obras que se ejecutan en territorio chaque\u00f1o se debe al compromiso del Ejecutivo nacional y a la gesti\u00f3n del gobernador Jorge Capitanich de lograr obras emblem\u00e1ticas para el desarrollo de cada comunidad&#8221;, dijeron desde el organismo vial.<\/p>\n<p>La Direcci\u00f3n de Vialidad Provincial emiti\u00f3 un comunicado en donde recuerdan que \u201cla obra de pavimentaci\u00f3n de 40 cuadras que se est\u00e1 ejecutando en Las Palmas, al igual que los m\u00faltiples proyectos en ejecuci\u00f3n en toda la provincia, son posibles por el compromiso del Presidente Alberto Fern\u00e1ndez y su Vicepresidenta Cristina Kirchner y la gesti\u00f3n del gobernador Jorge Capitanich de lograr obras emblem\u00e1ticas para el desarrollo de cada comunidad\u201d.<br \/>\nEn el caso de Las Palmas, el proyecto, que avanza a buen ritmo, se ejecuta a trav\u00e9s del Programa de Inversiones Municipales (2929) Banco Interamericano de Desarrollo.<br \/>\nEn relaci\u00f3n a declaraciones realizadas por un legislador de la oposici\u00f3n en donde se atribuye el proyecto de Ley de dicha obra, desde Vialidad Provincial aclararon que \u201cen la gesti\u00f3n en tiempos de la presidencia de Mauricio Macri se exig\u00eda a las provincias una Ley de Endeudamiento para el repago del Cr\u00e9dito BID 2929, algo que no ocurre en la actual gesti\u00f3n presidencial en donde las obras son sin costo para la provincia y los municipios\u201d.<br \/>\nEn este sentido, el administrador General de Vialidad Provincia, Hugo Varela, record\u00f3 que \u201cesta decisi\u00f3n que s\u00f3lo afectaba el desarrollo de obras necesarias para distintas localidades del interior del Chaco, fue revertida cuando asumi\u00f3 el presidente Alberto Fern\u00e1ndez a partir de las gestiones del gobernador Jorge Capitanich, hoy dichos proyectos que apuntalan desarrollo y mejoran la calidad de vida de los ciudadanos de cada una estas comunidades se ejecutan en suelo chaque\u00f1o sin costo para la provincia, ni para los municipios\u201d.<br \/>\n\u201cObras de este tipo se est\u00e1n ejecutando en Juan Jos\u00e9 Castelli, Machagai, Charata, Las Palmas, Santa Sylvina, Quitilipi, y se finaliz\u00f3 hace poco tiempo en Las Bre\u00f1as. El proceso de selecci\u00f3n de los municipios beneficiarios de estas obras se lleva a cabo sin distinci\u00f3n de bander\u00edas pol\u00edticas\u201d, inform\u00f3 Varela.<br \/>\nEl proyecto ejecutivo de cada una de estas obras lo realizaron los cuadros t\u00e9cnicos de Vialidad Provincial, as\u00ed como llevan adelante la supervisi\u00f3n t\u00e9cnica y ambiental.<br \/>\nEsta obra emplazada en Las Palmas que a la fecha registra un avance de 39% incluye adem\u00e1s de la pavimentaci\u00f3n de 40 cuadras, la construcci\u00f3n de desag\u00fces pluviales, iluminaci\u00f3n en LED en todas las cuadras, se\u00f1alizaci\u00f3n horizontal y vertical, y como un extra para esta hist\u00f3rica localidad, se acondicion\u00f3 un sector para que pueda ser utilizado como cors\u00f3dromo.<br \/>\nCon una inversi\u00f3n de $249.480.864,49 financiada a trav\u00e9s del Banco Interamericano de Desarrollo (BID), la obra es ejecutada por la empresa TMC S.A. bajo la inspecci\u00f3n t\u00e9cnica de la ingeniera Karina Bassi.<\/p>\n","protected":false},"excerpt":{"rendered":"<p>&#8220;Todas las obras que se ejecutan en territorio chaque\u00f1o se debe al compromiso del Ejecutivo nacional y a la gesti\u00f3n del gobernador Jorge Capitanich de lograr obras emblem\u00e1ticas para el desarrollo de cada comunidad&#8221;, dijeron desde el organismo vial. La Direcci\u00f3n de Vialidad Provincial emiti\u00f3 un comunicado en donde recuerdan que \u201cla obra de pavimentaci\u00f3n [&hellip;]<\/p>\n","protected":false},"author":1,"featured_media":17303,"comment_status":"closed","ping_status":"closed","sticky":false,"template":"","format":"standard","meta":{"footnotes":""},"categories":[6],"tags":[],"class_list":{"0":"post-17302","1":"post","2":"type-post","3":"status-publish","4":"format-standard","5":"has-post-thumbnail","7":"category-chaco"},"_links":{"self":[{"href":"https:\/\/chacosintesis.com.ar\/index.php\/wp-json\/wp\/v2\/posts\/17302","targetHints":{"allow":["GET"]}}],"collection":[{"href":"https:\/\/chacosintesis.com.ar\/index.php\/wp-json\/wp\/v2\/posts"}],"about":[{"href":"https:\/\/chacosintesis.com.ar\/index.php\/wp-json\/wp\/v2\/types\/post"}],"author":[{"embeddable":true,"href":"https:\/\/chacosintesis.com.ar\/index.php\/wp-json\/wp\/v2\/users\/1"}],"replies":[{"embeddable":true,"href":"https:\/\/chacosintesis.com.ar\/index.php\/wp-json\/wp\/v2\/comments?post=17302"}],"version-history":[{"count":0,"href":"https:\/\/chacosintesis.com.ar\/index.php\/wp-json\/wp\/v2\/posts\/17302\/revisions"}],"wp:featuredmedia":[{"embeddable":true,"href":"https:\/\/chacosintesis.com.ar\/index.php\/wp-json\/wp\/v2\/media\/17303"}],"wp:attachment":[{"href":"https:\/\/chacosintesis.com.ar\/index.php\/wp-json\/wp\/v2\/media?parent=17302"}],"wp:term":[{"taxonomy":"category","embeddable":true,"href":"https:\/\/chacosintesis.com.ar\/index.php\/wp-json\/wp\/v2\/categories?post=17302"},{"taxonomy":"post_tag","embeddable":true,"href":"https:\/\/chacosintesis.com.ar\/index.php\/wp-json\/wp\/v2\/tags?post=17302"}],"curies":[{"name":"wp","href":"https:\/\/api.w.org\/{rel}","templated":true}]}}