{"id":17276,"date":"2022-09-26T11:07:44","date_gmt":"2022-09-26T14:07:44","guid":{"rendered":"https:\/\/chacosintesis.com.ar\/?p=17276"},"modified":"2022-09-26T11:37:52","modified_gmt":"2022-09-26T14:37:52","slug":"diputados-de-la-ucr-pidieron-que-el-gobierno-informe-sobre-la-designacion-de-un-medico-que-estaria-inhabilitado","status":"publish","type":"post","link":"https:\/\/chacosintesis.com.ar\/index.php\/diputados-de-la-ucr-pidieron-que-el-gobierno-informe-sobre-la-designacion-de-un-medico-que-estaria-inhabilitado\/","title":{"rendered":"Diputados de la UCR pidieron que el Gobierno informe sobre la designaci\u00f3n de un m\u00e9dico que estar\u00eda inhabilitado"},"content":{"rendered":"<p>Diputados del Interbloque de la U.C.R presentaron un pedido de informe en la Legislatura provincial a fin de que el gobierno provincial informe respecto de la designaci\u00f3n, como jefe de departamento de \u201cEducaci\u00f3n Permanente e Investigaci\u00f3n\u201d del hospital Perrando, a un profesional m\u00e9dico que tendr\u00eda impedimentos legales para ejercer la funci\u00f3n.<\/p>\n<p>Los legisladores expresaron su preocupaci\u00f3n por esta designaci\u00f3n \u201cHemos presentado el proyecto        \/22  solicitando al gobierno provincial que informe si han designado al frente del departamento \u201cEducaci\u00f3n Permanente e Investigaci\u00f3n\u201d del Hospital Perrando a un profesional con impedimentos legales para ejercer la medicina, tenemos entendido que existe sentencia judicial y oportuna notificaci\u00f3n a las autoridades sanitarias provinciales informando de esta situaci\u00f3n,  por lo tanto su designaci\u00f3n ser\u00eda un hecho de extrema gravedad institucionalidad dado que el Poder Ejecutivo estar\u00eda desconociendo un fallo del Poder Judicial\u201d<\/p>\n<p>Y remarcaron \u201cDe confirmarse este nombramiento estar\u00edamos frente a un caso de desobediencia judicial y posible violaci\u00f3n de deberes de funcionario p\u00fablico respecto de quienes avalaron est\u00e1 designaci\u00f3n, adem\u00e1s de constituir un acto de impunidad e inmoralidad  y una absoluta falta de respeto a todo el personal del sistema de salud p\u00fablica de la provincia que desempe\u00f1a su tarea con responsabilidad, profesionalidad e  integridad\u201d<\/p>\n","protected":false},"excerpt":{"rendered":"<p>Diputados del Interbloque de la U.C.R presentaron un pedido de informe en la Legislatura provincial a fin de que el gobierno provincial informe respecto de la designaci\u00f3n, como jefe de departamento de \u201cEducaci\u00f3n Permanente e Investigaci\u00f3n\u201d del hospital Perrando, a un profesional m\u00e9dico que tendr\u00eda impedimentos legales para ejercer la funci\u00f3n. Los legisladores expresaron su [&hellip;]<\/p>\n","protected":false},"author":1,"featured_media":17277,"comment_status":"closed","ping_status":"closed","sticky":false,"template":"","format":"standard","meta":{"footnotes":""},"categories":[6],"tags":[],"class_list":{"0":"post-17276","1":"post","2":"type-post","3":"status-publish","4":"format-standard","5":"has-post-thumbnail","7":"category-chaco"},"_links":{"self":[{"href":"https:\/\/chacosintesis.com.ar\/index.php\/wp-json\/wp\/v2\/posts\/17276","targetHints":{"allow":["GET"]}}],"collection":[{"href":"https:\/\/chacosintesis.com.ar\/index.php\/wp-json\/wp\/v2\/posts"}],"about":[{"href":"https:\/\/chacosintesis.com.ar\/index.php\/wp-json\/wp\/v2\/types\/post"}],"author":[{"embeddable":true,"href":"https:\/\/chacosintesis.com.ar\/index.php\/wp-json\/wp\/v2\/users\/1"}],"replies":[{"embeddable":true,"href":"https:\/\/chacosintesis.com.ar\/index.php\/wp-json\/wp\/v2\/comments?post=17276"}],"version-history":[{"count":0,"href":"https:\/\/chacosintesis.com.ar\/index.php\/wp-json\/wp\/v2\/posts\/17276\/revisions"}],"wp:featuredmedia":[{"embeddable":true,"href":"https:\/\/chacosintesis.com.ar\/index.php\/wp-json\/wp\/v2\/media\/17277"}],"wp:attachment":[{"href":"https:\/\/chacosintesis.com.ar\/index.php\/wp-json\/wp\/v2\/media?parent=17276"}],"wp:term":[{"taxonomy":"category","embeddable":true,"href":"https:\/\/chacosintesis.com.ar\/index.php\/wp-json\/wp\/v2\/categories?post=17276"},{"taxonomy":"post_tag","embeddable":true,"href":"https:\/\/chacosintesis.com.ar\/index.php\/wp-json\/wp\/v2\/tags?post=17276"}],"curies":[{"name":"wp","href":"https:\/\/api.w.org\/{rel}","templated":true}]}}