{"id":17232,"date":"2022-09-22T09:07:07","date_gmt":"2022-09-22T12:07:07","guid":{"rendered":"https:\/\/chacosintesis.com.ar\/?p=17232"},"modified":"2022-09-22T09:37:28","modified_gmt":"2022-09-22T12:37:28","slug":"con-aumentos-la-proxima-semana-cobran-sus-salarios-los-trabajadores-y-trabajadoras-de-la-administracion-publica","status":"publish","type":"post","link":"https:\/\/chacosintesis.com.ar\/index.php\/con-aumentos-la-proxima-semana-cobran-sus-salarios-los-trabajadores-y-trabajadoras-de-la-administracion-publica\/","title":{"rendered":"Con aumentos, la proxima semana cobran sus salarios los trabajadores y trabajadoras de la administraci\u00f3n p\u00fablica"},"content":{"rendered":"<p>El Ministerio de Planificaci\u00f3n, Econom\u00eda e Infraestructura dio a conocer el cronograma de pago de haberes para la administraci\u00f3n p\u00fablica que se concretar\u00e1 antes de fin de mes y con aumentos. A partir del mi\u00e9rcoles de la pr\u00f3xima semana cobrar\u00e1n las y los trabajadores pasivos y el jueves 29 las y los activos.<br \/>\nLos fondos se acreditar\u00e1n el mi\u00e9rcoles 28 para las y los pasivos y el jueves para 29 las y los activos, con un aumento salarial del 7%. Adem\u00e1s, para docentes se agregar\u00e1n 200 puntos al concepto de recomposici\u00f3n y se otorgar\u00e1 un 7% por cl\u00e1usula gatillo. Personal del Poder Judicial tendr\u00e1 un aumento del 15% por el concepto Ajuste por Revisi\u00f3n.<br \/>\nEl Ministerio de Planificaci\u00f3n, Econom\u00eda e Infraestructura dio a conocer el cronograma de pago de haberes para la administraci\u00f3n p\u00fablica que se concretar\u00e1 antes de fin de mes y con aumentos. A partir del mi\u00e9rcoles de la pr\u00f3xima semana cobrar\u00e1n las y los trabajadores pasivos y el jueves 29 las y los activos.<br \/>\nEl aumento del 7% corresponde a un adelanto previsto para diciembre y es el cuarto anticipo respecto de las fechas acordadas en paritarias de la administraci\u00f3n p\u00fablica a principios de a\u00f1o. Adem\u00e1s, para docentes se agregar\u00e1n 200 puntos como parte de la recomposici\u00f3n salarial y se otorgar\u00e1 un 7% de la cl\u00e1usula gatillo del tercer trimestre. Los trabajadores y trabajadoras del Poder Judicial tendr\u00e1n un aumento del 15% de Ajuste por Revisi\u00f3n.<br \/>\nEl ministro Santiago P\u00e9rez Pons remarc\u00f3 que se trata de una pol\u00edtica provincial para cuidar el bolsillo de los chaque\u00f1os y chaque\u00f1as. \u201cCon diferentes medidas, buscamos brindar previsibilidad para las familias y es por ello que seguimos pagando antes de que finalice el mes. Adem\u00e1s, estamos realizando un gran esfuerzo y buscamos seguir mejorando los sueldos cumpliendo con el compromiso de que los salarios le ganen a la inflaci\u00f3n\u201d, indic\u00f3 el titular de la cartera econ\u00f3mica.<br \/>\nPor otro lado, el martes 20 se concret\u00f3 el pago de refrigerio a las y los trabajadores activos de la administraci\u00f3n p\u00fablica provincial, que incluye el aumento de $3.000 anunciado en agosto por el gobernador Capitanich para reforzar los ingresos de las y los trabajadores.<br \/>\nComo parte de estas pol\u00edticas cabe destacar que contin\u00faan los Superd\u00edas con descuentos en farmacias y supermercados, como alternativa para aumentar el poder adquisitivo de las familias. Los y las usuarios podr\u00e1n realizar compras con tarjeta Tuya y Billetera Electr\u00f3nica del Nuevo Banco del Chaco, como as\u00ed tambi\u00e9n del Banco Naci\u00f3n, el Banco Credicoop, con la tarjeta de d\u00e9bito Cabal y la Billetera MODO. \u201cCon los Superd\u00edas acompa\u00f1amos para mejorar su poder adquisitivo e incentivamos el consumo local, que beneficia a comercios y emprendedores en todo el territorio provincial\u201d, se\u00f1al\u00f3 P\u00e9rez Pons.<\/p>\n","protected":false},"excerpt":{"rendered":"<p>El Ministerio de Planificaci\u00f3n, Econom\u00eda e Infraestructura dio a conocer el cronograma de pago de haberes para la administraci\u00f3n p\u00fablica que se concretar\u00e1 antes de fin de mes y con aumentos. A partir del mi\u00e9rcoles de la pr\u00f3xima semana cobrar\u00e1n las y los trabajadores pasivos y el jueves 29 las y los activos. Los fondos [&hellip;]<\/p>\n","protected":false},"author":1,"featured_media":17233,"comment_status":"closed","ping_status":"closed","sticky":false,"template":"","format":"standard","meta":{"footnotes":""},"categories":[6],"tags":[],"class_list":{"0":"post-17232","1":"post","2":"type-post","3":"status-publish","4":"format-standard","5":"has-post-thumbnail","7":"category-chaco"},"_links":{"self":[{"href":"https:\/\/chacosintesis.com.ar\/index.php\/wp-json\/wp\/v2\/posts\/17232","targetHints":{"allow":["GET"]}}],"collection":[{"href":"https:\/\/chacosintesis.com.ar\/index.php\/wp-json\/wp\/v2\/posts"}],"about":[{"href":"https:\/\/chacosintesis.com.ar\/index.php\/wp-json\/wp\/v2\/types\/post"}],"author":[{"embeddable":true,"href":"https:\/\/chacosintesis.com.ar\/index.php\/wp-json\/wp\/v2\/users\/1"}],"replies":[{"embeddable":true,"href":"https:\/\/chacosintesis.com.ar\/index.php\/wp-json\/wp\/v2\/comments?post=17232"}],"version-history":[{"count":0,"href":"https:\/\/chacosintesis.com.ar\/index.php\/wp-json\/wp\/v2\/posts\/17232\/revisions"}],"wp:featuredmedia":[{"embeddable":true,"href":"https:\/\/chacosintesis.com.ar\/index.php\/wp-json\/wp\/v2\/media\/17233"}],"wp:attachment":[{"href":"https:\/\/chacosintesis.com.ar\/index.php\/wp-json\/wp\/v2\/media?parent=17232"}],"wp:term":[{"taxonomy":"category","embeddable":true,"href":"https:\/\/chacosintesis.com.ar\/index.php\/wp-json\/wp\/v2\/categories?post=17232"},{"taxonomy":"post_tag","embeddable":true,"href":"https:\/\/chacosintesis.com.ar\/index.php\/wp-json\/wp\/v2\/tags?post=17232"}],"curies":[{"name":"wp","href":"https:\/\/api.w.org\/{rel}","templated":true}]}}