{"id":17224,"date":"2022-09-20T13:11:26","date_gmt":"2022-09-20T16:11:26","guid":{"rendered":"https:\/\/chacosintesis.com.ar\/?p=17224"},"modified":"2022-09-20T13:37:34","modified_gmt":"2022-09-20T16:37:34","slug":"dia-del-estudiante-este-miercoles-hay-asueto-en-todos-los-establecimientos-educativos-de-la-provincia","status":"publish","type":"post","link":"https:\/\/chacosintesis.com.ar\/index.php\/dia-del-estudiante-este-miercoles-hay-asueto-en-todos-los-establecimientos-educativos-de-la-provincia\/","title":{"rendered":"D\u00eda del Estudiante: este mi\u00e9rcoles hay asueto en todos los establecimientos educativos de la provincia"},"content":{"rendered":"<p>Ma\u00f1ana mi\u00e9rcoles no habr\u00e1 clases en colegios primarios ni secundarios de Chaco.<br \/>\n Seg\u00fan indicaron desde el Ministerio de Educaci\u00f3n del Chaco, el mi\u00e9rcoles 21 de septiembre no habr\u00e1 clases en todos los establecimientos escolares, debido a que ser\u00e1 asueto provincial por el D\u00eda del Estudiante.<\/p>\n<p>As\u00ed lo confirmaron desde la cartera que conduce Aldo Lineras, y explicaron que la jornada qued\u00f3 establecida desde un principio en el Calendario Escolar del ciclo lectivo 2022. Los pr\u00f3ximos tres asuetos ser\u00e1n en el mes de diciembre.<\/p>\n<p> DIARIO NORTE.-<\/p>\n","protected":false},"excerpt":{"rendered":"<p>Ma\u00f1ana mi\u00e9rcoles no habr\u00e1 clases en colegios primarios ni secundarios de Chaco. Seg\u00fan indicaron desde el Ministerio de Educaci\u00f3n del Chaco, el mi\u00e9rcoles 21 de septiembre no habr\u00e1 clases en todos los establecimientos escolares, debido a que ser\u00e1 asueto provincial por el D\u00eda del Estudiante. As\u00ed lo confirmaron desde la cartera que conduce Aldo Lineras, [&hellip;]<\/p>\n","protected":false},"author":1,"featured_media":17225,"comment_status":"closed","ping_status":"closed","sticky":false,"template":"","format":"standard","meta":{"footnotes":""},"categories":[6],"tags":[],"class_list":{"0":"post-17224","1":"post","2":"type-post","3":"status-publish","4":"format-standard","5":"has-post-thumbnail","7":"category-chaco"},"_links":{"self":[{"href":"https:\/\/chacosintesis.com.ar\/index.php\/wp-json\/wp\/v2\/posts\/17224","targetHints":{"allow":["GET"]}}],"collection":[{"href":"https:\/\/chacosintesis.com.ar\/index.php\/wp-json\/wp\/v2\/posts"}],"about":[{"href":"https:\/\/chacosintesis.com.ar\/index.php\/wp-json\/wp\/v2\/types\/post"}],"author":[{"embeddable":true,"href":"https:\/\/chacosintesis.com.ar\/index.php\/wp-json\/wp\/v2\/users\/1"}],"replies":[{"embeddable":true,"href":"https:\/\/chacosintesis.com.ar\/index.php\/wp-json\/wp\/v2\/comments?post=17224"}],"version-history":[{"count":0,"href":"https:\/\/chacosintesis.com.ar\/index.php\/wp-json\/wp\/v2\/posts\/17224\/revisions"}],"wp:featuredmedia":[{"embeddable":true,"href":"https:\/\/chacosintesis.com.ar\/index.php\/wp-json\/wp\/v2\/media\/17225"}],"wp:attachment":[{"href":"https:\/\/chacosintesis.com.ar\/index.php\/wp-json\/wp\/v2\/media?parent=17224"}],"wp:term":[{"taxonomy":"category","embeddable":true,"href":"https:\/\/chacosintesis.com.ar\/index.php\/wp-json\/wp\/v2\/categories?post=17224"},{"taxonomy":"post_tag","embeddable":true,"href":"https:\/\/chacosintesis.com.ar\/index.php\/wp-json\/wp\/v2\/tags?post=17224"}],"curies":[{"name":"wp","href":"https:\/\/api.w.org\/{rel}","templated":true}]}}