{"id":17208,"date":"2022-09-19T19:11:10","date_gmt":"2022-09-19T22:11:10","guid":{"rendered":"https:\/\/chacosintesis.com.ar\/?p=17208"},"modified":"2022-09-19T19:36:47","modified_gmt":"2022-09-19T22:36:47","slug":"anunciaron-la-la-fecha-de-la-realizacion-de-la-fiesta-nacional-del-algodon","status":"publish","type":"post","link":"https:\/\/chacosintesis.com.ar\/index.php\/anunciaron-la-la-fecha-de-la-realizacion-de-la-fiesta-nacional-del-algodon\/","title":{"rendered":"Anunciaron la la fecha de la realizaci\u00f3n de la Fiesta Nacional del Algod\u00f3n"},"content":{"rendered":"<p>La Fiesta Nacional del Algod\u00f3n se llevar\u00e1 a cabo el 4, 5 y 6 de noviembre, en el predio ferial ubicado en calle John F. Kennedy al 500 (calle 9) de Presidencia Roque S\u00e1enz Pe\u00f1a, Chaco.<br \/>\nLa muestra agroindustrial que incluir\u00e1 sectores comerciales e institucionales, concentrar\u00e1 una vez m\u00e1s a los protagonistas de la cadena de valor algodonera. En este marco, participar\u00e1n instituciones como el Gobierno de la Provincia de Chaco, Ministerio de Planificaci\u00f3n, Econom\u00eda e Infraestructura, el Instituto de Turismo y el Ministerio de Producci\u00f3n, Industria y Empleo de la Provincia de Chaco. Tambi\u00e9n, la EEA del INTA S\u00e1enz Pe\u00f1a, estar\u00e1 celebrando 100 a\u00f1os de vida institucional.<br \/>\nAsimismo, habr\u00e1 propuestas gastron\u00f3micas, culturales y espect\u00e1culos para toda la familia.<br \/>\nTambi\u00e9n se trabaja en un programa de capacitaciones, con especialistas del sector que acompa\u00f1ar\u00e1n las propuestas de empresas e instituciones en la exposici\u00f3n, tanto en insumos como en semillas, principalmente todo lo que es investigaci\u00f3n y desarrollo de la mano de la EEA INTA S\u00e1enz Pe\u00f1a.<\/p>\n","protected":false},"excerpt":{"rendered":"<p>La Fiesta Nacional del Algod\u00f3n se llevar\u00e1 a cabo el 4, 5 y 6 de noviembre, en el predio ferial ubicado en calle John F. Kennedy al 500 (calle 9) de Presidencia Roque S\u00e1enz Pe\u00f1a, Chaco. La muestra agroindustrial que incluir\u00e1 sectores comerciales e institucionales, concentrar\u00e1 una vez m\u00e1s a los protagonistas de la cadena [&hellip;]<\/p>\n","protected":false},"author":1,"featured_media":17209,"comment_status":"closed","ping_status":"closed","sticky":false,"template":"","format":"standard","meta":{"footnotes":""},"categories":[6],"tags":[],"class_list":{"0":"post-17208","1":"post","2":"type-post","3":"status-publish","4":"format-standard","5":"has-post-thumbnail","7":"category-chaco"},"_links":{"self":[{"href":"https:\/\/chacosintesis.com.ar\/index.php\/wp-json\/wp\/v2\/posts\/17208","targetHints":{"allow":["GET"]}}],"collection":[{"href":"https:\/\/chacosintesis.com.ar\/index.php\/wp-json\/wp\/v2\/posts"}],"about":[{"href":"https:\/\/chacosintesis.com.ar\/index.php\/wp-json\/wp\/v2\/types\/post"}],"author":[{"embeddable":true,"href":"https:\/\/chacosintesis.com.ar\/index.php\/wp-json\/wp\/v2\/users\/1"}],"replies":[{"embeddable":true,"href":"https:\/\/chacosintesis.com.ar\/index.php\/wp-json\/wp\/v2\/comments?post=17208"}],"version-history":[{"count":0,"href":"https:\/\/chacosintesis.com.ar\/index.php\/wp-json\/wp\/v2\/posts\/17208\/revisions"}],"wp:featuredmedia":[{"embeddable":true,"href":"https:\/\/chacosintesis.com.ar\/index.php\/wp-json\/wp\/v2\/media\/17209"}],"wp:attachment":[{"href":"https:\/\/chacosintesis.com.ar\/index.php\/wp-json\/wp\/v2\/media?parent=17208"}],"wp:term":[{"taxonomy":"category","embeddable":true,"href":"https:\/\/chacosintesis.com.ar\/index.php\/wp-json\/wp\/v2\/categories?post=17208"},{"taxonomy":"post_tag","embeddable":true,"href":"https:\/\/chacosintesis.com.ar\/index.php\/wp-json\/wp\/v2\/tags?post=17208"}],"curies":[{"name":"wp","href":"https:\/\/api.w.org\/{rel}","templated":true}]}}