{"id":17204,"date":"2022-09-19T19:05:12","date_gmt":"2022-09-19T22:05:12","guid":{"rendered":"https:\/\/chacosintesis.com.ar\/?p=17204"},"modified":"2022-09-19T19:08:08","modified_gmt":"2022-09-19T22:08:08","slug":"la-fiesta-de-los-estudiantes-se-vive-a-pleno-en-las-brenas-con-el-regreso-del-desfile-de-carrozas","status":"publish","type":"post","link":"https:\/\/chacosintesis.com.ar\/index.php\/la-fiesta-de-los-estudiantes-se-vive-a-pleno-en-las-brenas-con-el-regreso-del-desfile-de-carrozas\/","title":{"rendered":"La fiesta de los estudiantes se vive a pleno en Las Bre\u00f1as con el regreso del desfile de carrozas"},"content":{"rendered":"<p>La gran fiesta de los estudiantes con el tradicional desfile de carrozas vuelve a Las Bre\u00f1as. Este martes 20, previo al D\u00eda de la Primavera y del Estudiante, la Capital Provincial del Inmigrante reditar\u00e1 una nueva edici\u00f3n de una festividad que lleva m\u00e1s de medio Siglo en la comunidad.<br \/>\nTras las restricciones impuestas por la pandemia de COVID-19, la avenida Jones vuelve a vestirse de fiesta. Este a\u00f1o, se contar\u00e1 con la apertura de alumnos y docentes de la UEP N\u00b0 192 de Las Bre\u00f1as y ni\u00f1os de nivel inicial. Se suman este a\u00f1o los alumnos de un colegio secundario de Misi\u00f3n Nueva Pompeya que llegaron a la ciudad para compartir con sus pares bre\u00f1enses.<br \/>\nEstudiantina 2022<br \/>\n Durante la Estudiantina 2022 los cursos que construyen carrozas, presentaron sus candidatos a reina y rey de los estudiantes bre\u00f1eneses 2022. Estuvieron presentes los reyes actuales, la reina Sofia C\u00f3rdoba y el rey Lucas Silva. A su vez, en la oportunidad se presentaron ante los estudiantes la recientemente electa en Presidencia Roque S\u00e1enz Pe\u00f1a, como Segunda Princesa de los estudiantes chaque\u00f1os, la bre\u00f1enese Sasha Kosiuk.<br \/>\nDurante la Estudiantina 2022 tambi\u00e9n se realizaron con juegos de alumnos y padres; sumado a esto la presentaci\u00f3n de coreograf\u00edas que acompa\u00f1ar\u00e1n a las carrozas en esta nueva edici\u00f3n<br \/>\nOrden de aparici\u00f3n:<br \/>\n\u2714\ufe0fMUNDO M\u00c1GICO: 1er. y 2do. A\u00f1o (E.E.S N\u00ba26 y UEGP N\u00ba 249)<br \/>\n\u2714\ufe0fMOANA: 4to. \/3ro. \/1er A\u00f1o E.E.S. N\u00ba26<br \/>\n\u2714\ufe0fCRUELA: 3er. A\u00f1o 1era. &#8211; 2da. UEGP N\u00ba249 &#8220;Beato Carlo Acutis&#8221;<br \/>\n\u2714\ufe0fENCANTO: 4to. a\u00f1o 1era. y 2da. UEGP N\u00ba249 &#8220;Beato Carlo Acutis.&#8221;<\/p>\n","protected":false},"excerpt":{"rendered":"<p>La gran fiesta de los estudiantes con el tradicional desfile de carrozas vuelve a Las Bre\u00f1as. Este martes 20, previo al D\u00eda de la Primavera y del Estudiante, la Capital Provincial del Inmigrante reditar\u00e1 una nueva edici\u00f3n de una festividad que lleva m\u00e1s de medio Siglo en la comunidad. Tras las restricciones impuestas por la [&hellip;]<\/p>\n","protected":false},"author":1,"featured_media":17205,"comment_status":"closed","ping_status":"closed","sticky":false,"template":"","format":"standard","meta":{"footnotes":""},"categories":[6],"tags":[],"class_list":{"0":"post-17204","1":"post","2":"type-post","3":"status-publish","4":"format-standard","5":"has-post-thumbnail","7":"category-chaco"},"_links":{"self":[{"href":"https:\/\/chacosintesis.com.ar\/index.php\/wp-json\/wp\/v2\/posts\/17204","targetHints":{"allow":["GET"]}}],"collection":[{"href":"https:\/\/chacosintesis.com.ar\/index.php\/wp-json\/wp\/v2\/posts"}],"about":[{"href":"https:\/\/chacosintesis.com.ar\/index.php\/wp-json\/wp\/v2\/types\/post"}],"author":[{"embeddable":true,"href":"https:\/\/chacosintesis.com.ar\/index.php\/wp-json\/wp\/v2\/users\/1"}],"replies":[{"embeddable":true,"href":"https:\/\/chacosintesis.com.ar\/index.php\/wp-json\/wp\/v2\/comments?post=17204"}],"version-history":[{"count":0,"href":"https:\/\/chacosintesis.com.ar\/index.php\/wp-json\/wp\/v2\/posts\/17204\/revisions"}],"wp:featuredmedia":[{"embeddable":true,"href":"https:\/\/chacosintesis.com.ar\/index.php\/wp-json\/wp\/v2\/media\/17205"}],"wp:attachment":[{"href":"https:\/\/chacosintesis.com.ar\/index.php\/wp-json\/wp\/v2\/media?parent=17204"}],"wp:term":[{"taxonomy":"category","embeddable":true,"href":"https:\/\/chacosintesis.com.ar\/index.php\/wp-json\/wp\/v2\/categories?post=17204"},{"taxonomy":"post_tag","embeddable":true,"href":"https:\/\/chacosintesis.com.ar\/index.php\/wp-json\/wp\/v2\/tags?post=17204"}],"curies":[{"name":"wp","href":"https:\/\/api.w.org\/{rel}","templated":true}]}}