{"id":17193,"date":"2022-09-17T15:50:09","date_gmt":"2022-09-17T18:50:09","guid":{"rendered":"https:\/\/chacosintesis.com.ar\/?p=17193"},"modified":"2022-09-17T16:06:45","modified_gmt":"2022-09-17T19:06:45","slug":"polini-secheep-esta-quebrada-nosotros-la-vamos-a-recuperar","status":"publish","type":"post","link":"https:\/\/chacosintesis.com.ar\/index.php\/polini-secheep-esta-quebrada-nosotros-la-vamos-a-recuperar\/","title":{"rendered":"Polini: &#8220;Secheep est\u00e1 quebrada, nosotros la vamos a recuperar&#8221;"},"content":{"rendered":"<p>El  precandidato a gobernador del Chaco por Convergencia Social-UCR, Juan Carlos Polini, atribuy\u00f3 la crisis energ\u00e9tica provincial al deterior de la empresa Secheep producto del desmanejo realizado en estos 15 a\u00f1os de gesti\u00f3n.<br \/>\nPolini record\u00f3 que \u201cEn estos 15 a\u00f1os de gobierno kirchnerista han quebrado Secheep, la empresa esta endeudada, ofreciendo un servicio p\u00e9simo,  situaci\u00f3n inexplicable si tenemos en cuenta que hay mas consumo y las tarifas aumentan, en promedio, un 50% anual\u201d<br \/>\n\u201cEst\u00e1 claro que el problema no es la falta de recursos, todo lo contrario, es el desmanejo que hacen del dinero de los usuarios, los organismos p\u00fablicos hace a\u00f1os que no pagan la luz, miles de millones, y los que pagan la luz no saben que hace el gobierno con su dinero porque no hay inversiones, cada d\u00eda el servicio es peor, cortes tambi\u00e9n en invierno, no se le paga a Cammesa por la energ\u00eda que se compra, la deuda hoy supera ampliamente los $22.000 millones\u201d<br \/>\nFinalmente  se\u00f1al\u00f3  \u201cLos chaque\u00f1os de bien, los que se levantan todos los d\u00edas para ir a trabajar, mandar sus hijos a la escuela, que pagan sus impuestos,   se sienten estafados, burlados en su buena f\u00e9,  por todo esto y mucho mas es que  el 70% de los argentinos quiere un cambio,  somos los garantes de ese cambio,  vamos a  recuperar Secheep y todas las empresas de servicios p\u00fablicos para ponerlas al servicio de los chaque\u00f1os,  desde la buena pol\u00edtica le vamos a cambiar la vida a nuestro pueblo\u201d<\/p>\n","protected":false},"excerpt":{"rendered":"<p>El precandidato a gobernador del Chaco por Convergencia Social-UCR, Juan Carlos Polini, atribuy\u00f3 la crisis energ\u00e9tica provincial al deterior de la empresa Secheep producto del desmanejo realizado en estos 15 a\u00f1os de gesti\u00f3n. Polini record\u00f3 que \u201cEn estos 15 a\u00f1os de gobierno kirchnerista han quebrado Secheep, la empresa esta endeudada, ofreciendo un servicio p\u00e9simo, situaci\u00f3n [&hellip;]<\/p>\n","protected":false},"author":1,"featured_media":17194,"comment_status":"closed","ping_status":"closed","sticky":false,"template":"","format":"standard","meta":{"footnotes":""},"categories":[6],"tags":[],"class_list":{"0":"post-17193","1":"post","2":"type-post","3":"status-publish","4":"format-standard","5":"has-post-thumbnail","7":"category-chaco"},"_links":{"self":[{"href":"https:\/\/chacosintesis.com.ar\/index.php\/wp-json\/wp\/v2\/posts\/17193","targetHints":{"allow":["GET"]}}],"collection":[{"href":"https:\/\/chacosintesis.com.ar\/index.php\/wp-json\/wp\/v2\/posts"}],"about":[{"href":"https:\/\/chacosintesis.com.ar\/index.php\/wp-json\/wp\/v2\/types\/post"}],"author":[{"embeddable":true,"href":"https:\/\/chacosintesis.com.ar\/index.php\/wp-json\/wp\/v2\/users\/1"}],"replies":[{"embeddable":true,"href":"https:\/\/chacosintesis.com.ar\/index.php\/wp-json\/wp\/v2\/comments?post=17193"}],"version-history":[{"count":0,"href":"https:\/\/chacosintesis.com.ar\/index.php\/wp-json\/wp\/v2\/posts\/17193\/revisions"}],"wp:featuredmedia":[{"embeddable":true,"href":"https:\/\/chacosintesis.com.ar\/index.php\/wp-json\/wp\/v2\/media\/17194"}],"wp:attachment":[{"href":"https:\/\/chacosintesis.com.ar\/index.php\/wp-json\/wp\/v2\/media?parent=17193"}],"wp:term":[{"taxonomy":"category","embeddable":true,"href":"https:\/\/chacosintesis.com.ar\/index.php\/wp-json\/wp\/v2\/categories?post=17193"},{"taxonomy":"post_tag","embeddable":true,"href":"https:\/\/chacosintesis.com.ar\/index.php\/wp-json\/wp\/v2\/tags?post=17193"}],"curies":[{"name":"wp","href":"https:\/\/api.w.org\/{rel}","templated":true}]}}