{"id":17189,"date":"2022-09-17T15:43:21","date_gmt":"2022-09-17T18:43:21","guid":{"rendered":"https:\/\/chacosintesis.com.ar\/?p=17189"},"modified":"2022-09-17T16:06:45","modified_gmt":"2022-09-17T19:06:45","slug":"capitanich-tenemos-un-compromiso-irrenunciable-para-seguir-trabajando-por-lo-que-nos-falta","status":"publish","type":"post","link":"https:\/\/chacosintesis.com.ar\/index.php\/capitanich-tenemos-un-compromiso-irrenunciable-para-seguir-trabajando-por-lo-que-nos-falta\/","title":{"rendered":"Capitanich: \u201cTenemos un compromiso irrenunciable para seguir trabajando por lo que nos falta\u201d"},"content":{"rendered":"<p>En un repleto Estadio de Sarmiento, y una larga caravana que parti\u00f3 desde calle 3 y avenida Alvear, el hoy Frente de Todos Chaco record\u00f3 aquella \u00e9pica victoria electoral de 2007 del entonces Frente Chaco Merece M\u00e1s. El l\u00edder del espacio, y tres veces gobernador, repas\u00f3 los logros centrales y habl\u00f3 de los desaf\u00edos. \u201cHoy siento la misma emoci\u00f3n de aquel memorable d\u00eda y el amor entra\u00f1able del pueblo\u201d, dijo con emoci\u00f3n.<\/p>\n<p>Con una multitudinaria marcha, y un acto al que asistieron 25.000 personas en las instalaciones del Club Atl\u00e9tico Sarmiento, militantes y referentes pol\u00edticos del actual Frente de Todos acompa\u00f1aron al gobernador Jorge Capitanich, \u00fanico orador, para celebrar los 15 a\u00f1os del triunfo electoral del Frente Chaco Merece M\u00e1s, una hist\u00f3rica elecci\u00f3n que, en 2007, llev\u00f3 a su primera gesti\u00f3n al actual mandatario.<br \/>\nPasadas las 17, la concentraci\u00f3n comenz\u00f3 en calle 3 y avenida Alvear, partiendo alrededor de las 18 rumbo al estadio de Sarmiento, donde tuvo lugar el acto central.<br \/>\n\u201cHoy 16 de septiembre de 2022 siento la misma emoci\u00f3n de aquel memorable d\u00eda. Muchas gracias por estar y por compartir este momento. Siento el amor entra\u00f1able de un pueblo que empez\u00f3 a alumbrar un mensaje de esperanza\u201d, dijo Capitanich, \u00fanico orador en un escenario donde lo acompa\u00f1aron la vicegobernadora Anal\u00eda Rach Quiroga, funcionarios del gobierno, legisladores provinciales y nacionales, intendentes y referentes de los diversos partidos y espacios que conforman el Frente de Todos.<br \/>\n\u201cRecuerdo cada instante de aquel 16 de septiembre de 2007, cada abrazo, cada beso, cada mirada. Recuerdo la alegr\u00eda de mi madre, que ya no est\u00e1, el rostro reluciente de mi hija Jorgelina, las l\u00e1grimas de mi hija Guillermina, y de don Daniel que, con 92 a\u00f1os, tambi\u00e9n anid\u00f3 en su coraz\u00f3n la victoria que era un homejane a nuestros abuelos gringos. Recuerdo cada mensaje y cada palabra de aliento. \u00a1Vamos que se puede! \u00a1Vamos que ganamos!\u201d, repas\u00f3 el mandatario.<br \/>\n\u201cHoy es momento de rendir homenaje a los que no est\u00e1n, a los que se fueron, a los que compartieron hist\u00f3ricas luchas que nos permitieron garantizar el ejercicio del gobierno para satisfacer las demandas del pueblo chaque\u00f1o\u201d, enfatiz\u00f3.<br \/>\nAs\u00ed, agradeci\u00f3 \u201ca los partidos pol\u00edticos, a los movimientos sociales, a militantes, a empresarios y trabajadores, a emprendedores, a intendentes e intendentas, legisladores provinciales y nacionales; a los vecinos y vecinas de cada pueblo que nos recib\u00edan con la esperanza de sentir que en nuestras entra\u00f1as est\u00e1bamos anidando un futuro mejor para nuestra provincia\u201d. \u201cUn saludo a cada pueblo, paraje y localidad\u201d, dijo, enumerando cada rinc\u00f3n del extenso territorio chaque\u00f1o que conoce metro a metro. \u201cGracias a los que confiaron. Gracias a los que creyeron\u201d, agreg\u00f3.<br \/>\nEn esa l\u00ednea, Capitanich resalt\u00f3 que \u201cen cada rinc\u00f3n del Chaco hay una obra, un derecho garantizado, una esperanza que hemos forjado\u201d.<br \/>\n\u201cHoy tengo la misma fuerza de aquel 16 de septiembre. El esfuerzo vale la pena. Desde aquel memorable triunfo empez\u00f3, a partir del 10 de diciembre de 2007, un largo camino que a\u00fan no termin\u00f3. As\u00ed como podemos festejar obras, derechos y acciones, tenemos un compromiso irrenunciable para seguir trabajando por lo que nos falta\u201d, sostuvo.<br \/>\n En otro tramo de un fervoroso discurso, que apenas super\u00f3 la media hora, el gobernador record\u00f3 \u201ca aquellos agoreros que presagiaban una derrota\u201d en aquel septiembre de 2007. Pero dijo: \u201cSiempre confiamos en el coraz\u00f3n del pueblo. Recuerdo cuando sal\u00edamos del Partido Justicialista, arrebatados por la emoci\u00f3n inminente de la victoria, subimos a una camioneta y de all\u00ed empez\u00f3 una larga caravana hasta el m\u00e1stil de avenida 9 de julio. Recuerdo saludar los rostros de chaque\u00f1os y chaque\u00f1as que nos acompa\u00f1aban. Una multitud en la calle nos acompa\u00f1\u00f3 espont\u00e1neamente para festejar una victoria que se nos hab\u00eda vedado despu\u00e9s de 16 a\u00f1os\u201d.<br \/>\nEntre aquellos recuerdos, Capitanich tambi\u00e9n mencion\u00f3 a quienes ya no comparten el mismo espacio pol\u00edtico: \u201cPor circunstancias del destino muchas veces la pol\u00edtica se bifurca y, los que estuvimos en 2007, ya no est\u00e1n hoy. Pero no nos vamos a olvidar de los que se fueron ni de los que est\u00e1n. Entendemos que, as\u00ed como iniciamos ese proyecto junto a (Juan Carlos) Bacileff Ivanoff, hoy nos acompa\u00f1a la primera vicegobernadora mujer de la historia constitucional de la provincia, que es Anal\u00eda\u201d.<br \/>\n\u201cFuimos capaces de construir un amplio acuerdo plural y democr\u00e1tico. Por eso quiero agradecer a quienes se animaron a acompa\u00f1arnos en aquellos tiempos, porque no era f\u00e1cil. A todos los partidos pol\u00edticos que fueron capaces de inspirarse en una necesidad para proyectarse al futuro\u201d, acot\u00f3.<\/p>\n<p>\u201cNunca fue f\u00e1cil gobernar\u201d<br \/>\n Capitanich reconoci\u00f3 que \u201cnunca fue f\u00e1cil gobernar el pa\u00eds ni la provincia\u201d, y tambi\u00e9n que, por primera vez en 69 a\u00f1os de historia constitucional de la provincia y 71 a\u00f1os de historia como provincia, \u201cun proyecto pol\u00edtico se mantendr\u00e1 durante 16 a\u00f1os en forma ininterrumpida a trav\u00e9s de la voluntad popular manifestada por el voto de cada ciudadano\u201d.<br \/>\n\u201cFuimos capaces de recuperar la provincia despu\u00e9s de 16 a\u00f1os, pero cuando me toc\u00f3 arremangarme fui candidato a intendente para recuperar luego de 16 a\u00f1os la intendencia de Resistencia\u201d, subray\u00f3. As\u00ed, sum\u00f3: \u201cHoy, despu\u00e9s de 144 a\u00f1os de historia, por primera vez el justicialismo y sus aliados tienen dos mandatos constitucionales seguidos en esta ciudad\u201d.<br \/>\nEn ese recuento de hitos hist\u00f3ricos, mencion\u00f3 que fue electo en tres ocasiones gobernador del Chaco y, adem\u00e1s, por primera vez en el actual mandato se respeta la igualdad de g\u00e9nero en el gabinete provincial. \u201cPor primera vez tenemos una pol\u00edtica ambiental para defender nuestros recursos, por primera vez hicimos valer la pol\u00edtica de derechos humanos de memoria, verdad y justicia\u201d, agreg\u00f3.<br \/>\n\u201cEl pueblo nos eligi\u00f3 a nosotros porque \u00e9ramos capaces de poner l\u00edmites al autoritarismo y al avasallamiento indiscriminado de derechos por quienes gobernaban en ese tiempo\u201d, sostuvo el gobernador.<br \/>\nEn ese punto, enfatiz\u00f3 que su gobierno sent\u00f3 las bases para la construcci\u00f3n de \u201cuna justicia aut\u00f3noma e independiente, eligiendo a los jueces del STJ mediante concursos de antecedentes, oposici\u00f3n y audiencias p\u00fablicas. Somos un ejemplo para Argentina y el mundo\u201d.<\/p>\n<p>\u201cToda esa confianza no fue un vano\u201d<br \/>\n \u201cPero esa confianza no fue un vano. Ni tampoco un cheque en blanco. Fuimos capaces de hacer realidad sue\u00f1os y esperanzas\u201d, resalt\u00f3, para luego enumerar los hitos de sus mandatos: \u201cTerminaremos cerca de 1200 kil\u00f3metros de rutas, un r\u00e9cord hist\u00f3rico en la vida institucional de la provincia; m\u00e1s de 14.000 cuadras de pavimento urbano; m\u00e1s de 800 nuevas escuelas e intervenir en 1000, 52 hospitales, 65.000 viviendas, 92 comisar\u00edas, 150 centros de salud, iglesias, clubes. Recuperamos el Norte Grande; la hidrov\u00eda; los bajos submeridionales; empezaremos el puente Chaco- Corrientes\u201d.<br \/>\nEn ese recuento dijo que durante sus gestiones, Chaco triplic\u00f3 la capacidad instalada en materia energ\u00e9tica, pas\u00f3 de tener dos acueductos a 24, pasando de 384 kil\u00f3metros a 1400 kil\u00f3metros; y de 148 mil a 360 mil conexiones de agua potable en todo el territorio. \u201cEso implica un cambio en el paradigma y en la calidad de vida\u201d, subray\u00f3. Agreg\u00f3 a esos n\u00fameros las 36 mil conexiones el\u00e9ctricas rurales, los 458.000 usuarios de energ\u00eda el\u00e9ctrica y la meta de llegar a 3000 km de fibra \u00f3ptica, con cada hogar, escuela y hospital provistos con la \u00faltima milla.<br \/>\n\u201cEn el Chaco, en el a\u00f1o 2007, no hab\u00eda gas. Hoy tenemos un gasoducto troncal, 38 ramales de aproximaci\u00f3n y empezamos con las 13.000 conexiones domiciliarias\u201d, indic\u00f3.<br \/>\nEn ese recuento, Capitanich tambi\u00e9n mencion\u00f3: \u201cIncluimos ni\u00f1os y ni\u00f1as desde 45 d\u00edas a 4 a\u00f1os, salas de 4 y de 5; instauramos la jornada extendida en Primaria y cumplimos el desaf\u00edo de construir una educaci\u00f3n secundaria de calidad. Aceptamos el desaf\u00edo de mejorar. Extendimos terciarios y edificios. Llegamos a nuestras localidades\u201d. Asimismo, destac\u00f3 todos los avances en nueva y mejor infraestructura, garantizando m\u00e1s derechos y pol\u00edtica de ingresos.<br \/>\nAdem\u00e1s, asegur\u00f3 que se cumplir\u00e1 en la provincia la meta de entregar 30 mil t\u00edtulos de propiedad urbana, 8000 t\u00edtulos de propiedad rural, 12000 t\u00edtulos de adjudicaci\u00f3n de viviendas y 65.000 soluciones habitacionales para garantizar una vida digna a cada chaque\u00f1o y chaque\u00f1a.<\/p>\n<p>Una tierra de esperanza<\/p>\n<p>Las comunidades ind\u00edgenas fueron otro eje de su discurso, cuando Capitanich reconoci\u00f3: \u201cHemos aprendido de ellas la protecci\u00f3n del ambiente, el di\u00e1logo intercultural, el asociativismo comunitario; de nuestras colectividades extranjeras, el \u00edmpetu por el esfuerzo y el trabajo: y de nuestras comunidades criollas, el arraigo a la tierra y los desaf\u00edos para la construcci\u00f3n de un futuro\u201d.<br \/>\n\u201cChaco es una tierra de esperanza. Tenemos un Polo Tecnol\u00f3gico en Fontana y el desarrollo de la econom\u00eda del conocimiento; estamos avanzando en la producci\u00f3n de pelotas de f\u00fatbol, en indumentaria deportiva, en la cadena de valor textil, en la cadena foresto-industrial, en producci\u00f3n de cereales, oleaginosas, en la transformaci\u00f3n en cadenas c\u00e1rnicas para la generaci\u00f3n de nuevos empleos\u201d, enumer\u00f3, resaltando los avances logrados hacia el desarrollo industrial.<br \/>\nLuego, apunt\u00f3: \u201cEl camino que trazamos fue primero garantizar infraestructura social b\u00e1sica; luego, promover la ejecuci\u00f3n de derechos y finalmente perfeccionar una pol\u00edtica de ingresos que logre reducir los niveles de pobreza. Claro que nos falta. Tenemos el flagelo de la inflaci\u00f3n en el pa\u00eds y una pol\u00edtica de ingresos siempre resulta insuficiente para resolver problemas estructurales en nuestras provincias. Pero hemos hecho mucho\u201d.<br \/>\nAs\u00ed, valor\u00f3 los efectos de las pol\u00edticas sociales nacionales, mencionando la jubilaci\u00f3n de las amas de casa, la Asignaci\u00f3n Universal por Hijo; y las pol\u00edticas en salud que hicieron obligatorias 19 vacunas. \u201cGracias al Estado presente logramos en pandemia salvar miles de vidas\u201d, enfatiz\u00f3. \u201cEstamos construyendo la mayor red de hospitales y centros de salud\u201d, agreg\u00f3.<br \/>\n\u201cEn 2007 ped\u00ed una oportunidad y sentimos que fuimos capaces de honrar nuestros compromisos\u201d, afirm\u00f3 Capitanich. Y agreg\u00f3. \u201cEn estos \u00faltimos 15 a\u00f1os me he dedicado a trabajar a sol y sombra, honrando el compromiso asumido con cada uno de nuestros hermanos y hermanas\u201d.<br \/>\n Casi sobre el final, Capitanich se refiri\u00f3 al momento que vive el pa\u00eds, con situaciones de violencia. \u201cRespetamos la democracia, a nuestros opositores, no perseguimos a nadie, somos capaces de defender fielmente el estado de derecho y la convivencia pac\u00edfica y civilizada\u201d.<br \/>\nEn esa l\u00ednea, dijo con \u00e9nfasis: \u201cLa Argentina y el Chaco tienen que garantizar el pacto democr\u00e1tico, donde los derechos humanos, la estabilidad de las instituciones democr\u00e1ticas y el desaf\u00edo de un proyecto en com\u00fan sean la base para la construcci\u00f3n de un destino de grandeza\u201d.<br \/>\n\u201cArgentina vive un per\u00edodo de violencia verbal, traducido en violencia pol\u00edtica. Tenemos que ser capaces de desterrar la violencia en cualquiera de sus formas. Nosotros constituimos un movimiento nacional, popular, democr\u00e1tico que promueve la paz, la no violencia, el respeto y los valores del amor. Porque el amor no solo vence al odio, sino que es la base fundante de principios y valores de una provincia y una Naci\u00f3n\u201d, subray\u00f3.<br \/>\nPor eso, sostuvo: \u201cNo pierdo ni un segundo de mi tiempo contestando agravios, injurias y agresiones. Pongo todo mi esfuerzo, sacrificando d\u00eda y noche, con acciones que pueden mejorar la vida de la gente\u201d.<br \/>\n\u201cSiempre estoy con el coraz\u00f3n puesto en el pueblo y la mente dispuesta a sacrificar los a\u00f1os de mi vida para hacer del Chaco sea la provincia potencia en Argentina\u201d, areng\u00f3. Y cerr\u00f3: \u201cGracias por el afecto, por el compromiso, por participar hoy, por abrazarnos, por so\u00f1ar, por esperar, por construir, por tener el coraje y la valent\u00eda de superar las adversidades. Vamos todos a construir la victoria para siempre y por siempre\u201d.<\/p>\n","protected":false},"excerpt":{"rendered":"<p>En un repleto Estadio de Sarmiento, y una larga caravana que parti\u00f3 desde calle 3 y avenida Alvear, el hoy Frente de Todos Chaco record\u00f3 aquella \u00e9pica victoria electoral de 2007 del entonces Frente Chaco Merece M\u00e1s. El l\u00edder del espacio, y tres veces gobernador, repas\u00f3 los logros centrales y habl\u00f3 de los desaf\u00edos. \u201cHoy [&hellip;]<\/p>\n","protected":false},"author":1,"featured_media":17190,"comment_status":"closed","ping_status":"closed","sticky":false,"template":"","format":"standard","meta":{"footnotes":""},"categories":[6],"tags":[],"class_list":{"0":"post-17189","1":"post","2":"type-post","3":"status-publish","4":"format-standard","5":"has-post-thumbnail","7":"category-chaco"},"_links":{"self":[{"href":"https:\/\/chacosintesis.com.ar\/index.php\/wp-json\/wp\/v2\/posts\/17189","targetHints":{"allow":["GET"]}}],"collection":[{"href":"https:\/\/chacosintesis.com.ar\/index.php\/wp-json\/wp\/v2\/posts"}],"about":[{"href":"https:\/\/chacosintesis.com.ar\/index.php\/wp-json\/wp\/v2\/types\/post"}],"author":[{"embeddable":true,"href":"https:\/\/chacosintesis.com.ar\/index.php\/wp-json\/wp\/v2\/users\/1"}],"replies":[{"embeddable":true,"href":"https:\/\/chacosintesis.com.ar\/index.php\/wp-json\/wp\/v2\/comments?post=17189"}],"version-history":[{"count":0,"href":"https:\/\/chacosintesis.com.ar\/index.php\/wp-json\/wp\/v2\/posts\/17189\/revisions"}],"wp:featuredmedia":[{"embeddable":true,"href":"https:\/\/chacosintesis.com.ar\/index.php\/wp-json\/wp\/v2\/media\/17190"}],"wp:attachment":[{"href":"https:\/\/chacosintesis.com.ar\/index.php\/wp-json\/wp\/v2\/media?parent=17189"}],"wp:term":[{"taxonomy":"category","embeddable":true,"href":"https:\/\/chacosintesis.com.ar\/index.php\/wp-json\/wp\/v2\/categories?post=17189"},{"taxonomy":"post_tag","embeddable":true,"href":"https:\/\/chacosintesis.com.ar\/index.php\/wp-json\/wp\/v2\/tags?post=17189"}],"curies":[{"name":"wp","href":"https:\/\/api.w.org\/{rel}","templated":true}]}}