{"id":17183,"date":"2022-09-16T09:43:42","date_gmt":"2022-09-16T12:43:42","guid":{"rendered":"https:\/\/chacosintesis.com.ar\/?p=17183"},"modified":"2022-09-16T10:06:43","modified_gmt":"2022-09-16T13:06:43","slug":"cinco-policias-federales-detenidos-por-presuntos-vinculos-con-narcos","status":"publish","type":"post","link":"https:\/\/chacosintesis.com.ar\/index.php\/cinco-policias-federales-detenidos-por-presuntos-vinculos-con-narcos\/","title":{"rendered":"Cinco polic\u00edas federales detenidos por presuntos v\u00ednculos con narcos"},"content":{"rendered":"<p>Una investigaci\u00f3n bajo estricto hermetismo en la justicia federal deriv\u00f3 en un procedimiento en la segunda ciudad. Narcotr\u00e1fico, robos y otros delitos.<br \/>\nLa jueza federal Zunilda Niremperger confirm\u00f3 a NORTE que se produjo en la tarde de este jueves un allanamiento en la delegaci\u00f3n de la Polic\u00eda Federal Argentina en la segunda ciudad del Chaco.<br \/>\nEfectivos de la Polic\u00eda del Chaco est\u00e1n a cargo de las tareas dispuestas por Niremperger y el fiscal Patricio Sabadini, a ra\u00edz de una investigaci\u00f3n contra polic\u00edas federales que tendr\u00edan v\u00ednculos con el narcotr\u00e1fico.<br \/>\nSeg\u00fan se indic\u00f3, ser\u00edan cinco los agentes detenidos. Adem\u00e1s, estar\u00edan relacionados con otras actividades delictivas, como atracos y privaci\u00f3n ileg\u00edtima de la libertad, que en caso de confirmarse la investigaci\u00f3n deber\u00eda pasar a la Justicia ordinaria.<br \/>\nHay hermetismo en torno al procedimiento ya que se podr\u00edan producir m\u00e1s detenciones y requisas de domicilios en las pr\u00f3ximas horas.<br \/>\nAdem\u00e1s, si bien el delito m\u00e1s grave que dispar\u00f3 la intervenci\u00f3n de la justicia federal fue la presunta connivencia entre polic\u00edas federales y narcotraficantes, otros de los delitos que habr\u00edan cometido los investigados incluir\u00edan \u2018supuesto robo agravado y privaci\u00f3n ileg\u00edtima de libertad\u2018.<br \/>\nLos detenidos: cuatro hombres y una mujer<br \/>\nLos detenidos en la noche del jueves son: subcomisario Fernando Rub\u00e9n Vega; subinspector Federico Emanuel Vieyra; inspector H\u00e9ctor Adolfo Gay; sargento Jorge Carlos Osika; agente Clelia Noem\u00ed Gonz\u00e1lez Nu\u00f1ez y el cabo Jos\u00e9 P\u00e9rez.<br \/>\n Si bien mucha informaci\u00f3n no trascendi\u00f3 hasta la noche de este jueves, teniendo en cuenta que el operativo comenz\u00f3 terminando la jornada, s\u00ed se pudo saber que desde la divisi\u00f3n federal ser\u00edan detenidos algunos efectivos por la imputaci\u00f3n mencionada.<br \/>\nPero que con el correr de las horas se esperaba la confirmaci\u00f3n de detenidos, como as\u00ed tambi\u00e9n posibles allanamientos que pudieran surgir de la misma causa, donde la imputaci\u00f3n a los federales tendr\u00eda varios agravantes, seg\u00fan manifestaron las fuentes consultadas.<br \/>\nEl operativo policial estuvo a cargo de la Direcci\u00f3n General de Investigaciones de la provincia, con apoyo del personal de la misma divisi\u00f3n de esta ciudad, quienes tuvieron la responsabilidad de recopilar las pruebas requeridas por parte de la justicia federal.<br \/>\nDiarioNorte.-<\/p>\n","protected":false},"excerpt":{"rendered":"<p>Una investigaci\u00f3n bajo estricto hermetismo en la justicia federal deriv\u00f3 en un procedimiento en la segunda ciudad. Narcotr\u00e1fico, robos y otros delitos. La jueza federal Zunilda Niremperger confirm\u00f3 a NORTE que se produjo en la tarde de este jueves un allanamiento en la delegaci\u00f3n de la Polic\u00eda Federal Argentina en la segunda ciudad del Chaco. [&hellip;]<\/p>\n","protected":false},"author":1,"featured_media":17184,"comment_status":"closed","ping_status":"closed","sticky":false,"template":"","format":"standard","meta":{"footnotes":""},"categories":[6],"tags":[],"class_list":{"0":"post-17183","1":"post","2":"type-post","3":"status-publish","4":"format-standard","5":"has-post-thumbnail","7":"category-chaco"},"_links":{"self":[{"href":"https:\/\/chacosintesis.com.ar\/index.php\/wp-json\/wp\/v2\/posts\/17183","targetHints":{"allow":["GET"]}}],"collection":[{"href":"https:\/\/chacosintesis.com.ar\/index.php\/wp-json\/wp\/v2\/posts"}],"about":[{"href":"https:\/\/chacosintesis.com.ar\/index.php\/wp-json\/wp\/v2\/types\/post"}],"author":[{"embeddable":true,"href":"https:\/\/chacosintesis.com.ar\/index.php\/wp-json\/wp\/v2\/users\/1"}],"replies":[{"embeddable":true,"href":"https:\/\/chacosintesis.com.ar\/index.php\/wp-json\/wp\/v2\/comments?post=17183"}],"version-history":[{"count":0,"href":"https:\/\/chacosintesis.com.ar\/index.php\/wp-json\/wp\/v2\/posts\/17183\/revisions"}],"wp:featuredmedia":[{"embeddable":true,"href":"https:\/\/chacosintesis.com.ar\/index.php\/wp-json\/wp\/v2\/media\/17184"}],"wp:attachment":[{"href":"https:\/\/chacosintesis.com.ar\/index.php\/wp-json\/wp\/v2\/media?parent=17183"}],"wp:term":[{"taxonomy":"category","embeddable":true,"href":"https:\/\/chacosintesis.com.ar\/index.php\/wp-json\/wp\/v2\/categories?post=17183"},{"taxonomy":"post_tag","embeddable":true,"href":"https:\/\/chacosintesis.com.ar\/index.php\/wp-json\/wp\/v2\/tags?post=17183"}],"curies":[{"name":"wp","href":"https:\/\/api.w.org\/{rel}","templated":true}]}}