{"id":17170,"date":"2022-09-15T09:40:28","date_gmt":"2022-09-15T12:40:28","guid":{"rendered":"https:\/\/chacosintesis.com.ar\/?p=17170"},"modified":"2022-09-15T10:07:10","modified_gmt":"2022-09-15T13:07:10","slug":"tragedia-en-los-frentones-un-hombre-murio-aplastado-por-un-tractor","status":"publish","type":"post","link":"https:\/\/chacosintesis.com.ar\/index.php\/tragedia-en-los-frentones-un-hombre-murio-aplastado-por-un-tractor\/","title":{"rendered":"Tragedia en Los Frentones: un hombre muri\u00f3 aplastado por un tractor"},"content":{"rendered":"<p>Sucedi\u00f3 a unos 17 kil\u00f3metros de la planta urbana de la localidad de Los Frentones. La v\u00edctima habr\u00eda ca\u00eddo del tractor cuando estaba trabajando.<br \/>\nEste mi\u00e9rcoles cerca de las 22, los Agentes de la Comisaria Los Frentones se dirigieron hasta el Paraje Pago Largo, donde Santos Olivar de 62 a\u00f1os conductor de un tractor, se encontraba sin vida.<br \/>\nSeg\u00fan los testimonios, Santos se encontraba en el campo para desbarrar la represa y en un momento cay\u00f3 de la cabina del veh\u00edculo en marcha y lo pisaron las ruedas.<br \/>\nEl tractor contin\u00fao su marcha unos 50 metros hasta chocar contra un \u00e1rbol.<br \/>\nEn el lugar trabajan los efectivos, investigando las causales del &#8220;supuesto accidente laboral fatal&#8221;.<br \/>\nDiarioNorte.-<\/p>\n<div class=\"postie-attachments\"><a href=\"https:\/\/chacosintesis.com.ar\/?attachment_id=17172\"><img decoding=\"async\" src=\"data:image\/gif;base64,R0lGODlhAQABAIAAAAAAAP\/\/\/ywAAAAAAQABAAACAUwAOw==\" fifu-lazy=\"1\" fifu-data-sizes=\"auto\" fifu-data-srcset=\"https:\/\/i0.wp.com\/chacosintesis.com.ar\/wp-content\/uploads\/2022\/09\/300010w750h415c.jpg-300x166.png?ssl=1&w=75&resize=75&ssl=1 75w, https:\/\/i0.wp.com\/chacosintesis.com.ar\/wp-content\/uploads\/2022\/09\/300010w750h415c.jpg-300x166.png?ssl=1&w=100&resize=100&ssl=1 100w, https:\/\/i0.wp.com\/chacosintesis.com.ar\/wp-content\/uploads\/2022\/09\/300010w750h415c.jpg-300x166.png?ssl=1&w=150&resize=150&ssl=1 150w, https:\/\/i0.wp.com\/chacosintesis.com.ar\/wp-content\/uploads\/2022\/09\/300010w750h415c.jpg-300x166.png?ssl=1&w=240&resize=240&ssl=1 240w, https:\/\/i0.wp.com\/chacosintesis.com.ar\/wp-content\/uploads\/2022\/09\/300010w750h415c.jpg-300x166.png?ssl=1&w=320&resize=320&ssl=1 320w, https:\/\/i0.wp.com\/chacosintesis.com.ar\/wp-content\/uploads\/2022\/09\/300010w750h415c.jpg-300x166.png?ssl=1&w=500&resize=500&ssl=1 500w, https:\/\/i0.wp.com\/chacosintesis.com.ar\/wp-content\/uploads\/2022\/09\/300010w750h415c.jpg-300x166.png?ssl=1&w=640&resize=640&ssl=1 640w, https:\/\/i0.wp.com\/chacosintesis.com.ar\/wp-content\/uploads\/2022\/09\/300010w750h415c.jpg-300x166.png?ssl=1&w=800&resize=800&ssl=1 800w, https:\/\/i0.wp.com\/chacosintesis.com.ar\/wp-content\/uploads\/2022\/09\/300010w750h415c.jpg-300x166.png?ssl=1&w=1024&resize=1024&ssl=1 1024w, https:\/\/i0.wp.com\/chacosintesis.com.ar\/wp-content\/uploads\/2022\/09\/300010w750h415c.jpg-300x166.png?ssl=1&w=1280&resize=1280&ssl=1 1280w, https:\/\/i0.wp.com\/chacosintesis.com.ar\/wp-content\/uploads\/2022\/09\/300010w750h415c.jpg-300x166.png?ssl=1&w=1600&resize=1600&ssl=1 1600w\" fifu-data-src=\"https:\/\/i0.wp.com\/chacosintesis.com.ar\/wp-content\/uploads\/2022\/09\/300010w750h415c.jpg-300x166.png?ssl=1\" alt=\"\" width=\"300px\" height=\"166px\" class=\"alignnone size-medium wp-image-17172\" \/><\/a><\/div>\n","protected":false},"excerpt":{"rendered":"<p>Sucedi\u00f3 a unos 17 kil\u00f3metros de la planta urbana de la localidad de Los Frentones. La v\u00edctima habr\u00eda ca\u00eddo del tractor cuando estaba trabajando. Este mi\u00e9rcoles cerca de las 22, los Agentes de la Comisaria Los Frentones se dirigieron hasta el Paraje Pago Largo, donde Santos Olivar de 62 a\u00f1os conductor de un tractor, se [&hellip;]<\/p>\n","protected":false},"author":1,"featured_media":17171,"comment_status":"closed","ping_status":"closed","sticky":false,"template":"","format":"standard","meta":{"footnotes":""},"categories":[6],"tags":[],"class_list":{"0":"post-17170","1":"post","2":"type-post","3":"status-publish","4":"format-standard","5":"has-post-thumbnail","7":"category-chaco"},"_links":{"self":[{"href":"https:\/\/chacosintesis.com.ar\/index.php\/wp-json\/wp\/v2\/posts\/17170","targetHints":{"allow":["GET"]}}],"collection":[{"href":"https:\/\/chacosintesis.com.ar\/index.php\/wp-json\/wp\/v2\/posts"}],"about":[{"href":"https:\/\/chacosintesis.com.ar\/index.php\/wp-json\/wp\/v2\/types\/post"}],"author":[{"embeddable":true,"href":"https:\/\/chacosintesis.com.ar\/index.php\/wp-json\/wp\/v2\/users\/1"}],"replies":[{"embeddable":true,"href":"https:\/\/chacosintesis.com.ar\/index.php\/wp-json\/wp\/v2\/comments?post=17170"}],"version-history":[{"count":0,"href":"https:\/\/chacosintesis.com.ar\/index.php\/wp-json\/wp\/v2\/posts\/17170\/revisions"}],"wp:featuredmedia":[{"embeddable":true,"href":"https:\/\/chacosintesis.com.ar\/index.php\/wp-json\/wp\/v2\/media\/17171"}],"wp:attachment":[{"href":"https:\/\/chacosintesis.com.ar\/index.php\/wp-json\/wp\/v2\/media?parent=17170"}],"wp:term":[{"taxonomy":"category","embeddable":true,"href":"https:\/\/chacosintesis.com.ar\/index.php\/wp-json\/wp\/v2\/categories?post=17170"},{"taxonomy":"post_tag","embeddable":true,"href":"https:\/\/chacosintesis.com.ar\/index.php\/wp-json\/wp\/v2\/tags?post=17170"}],"curies":[{"name":"wp","href":"https:\/\/api.w.org\/{rel}","templated":true}]}}