{"id":17166,"date":"2022-09-14T10:35:24","date_gmt":"2022-09-14T13:35:24","guid":{"rendered":"https:\/\/chacosintesis.com.ar\/?p=17166"},"modified":"2022-09-14T10:37:00","modified_gmt":"2022-09-14T13:37:00","slug":"lavado-i-comenzo-la-instancia-de-veredicto-en-la-causa-por-corrupcion-contra-rey-y-lugo","status":"publish","type":"post","link":"https:\/\/chacosintesis.com.ar\/index.php\/lavado-i-comenzo-la-instancia-de-veredicto-en-la-causa-por-corrupcion-contra-rey-y-lugo\/","title":{"rendered":"Lavado I: comenz\u00f3 la instancia de veredicto en la causa por corrupci\u00f3n contra Rey y Lugo"},"content":{"rendered":"<p>Pasadas las 9 de esta ma\u00f1ana comenz\u00f3 en el Tribunal Oral Federal de Resistencia, la instancia de veredicto en el caso denominado &#8220;Lavado I&#8221;, donde los exfuncionarios que fueran l\u00edderes de la organizaci\u00f3n il\u00edcita podr\u00edan recibir hasta quince a\u00f1os de prisi\u00f3n. Hay trece acusados m\u00e1s.<br \/>\nEn junio, el Ministerio P\u00fablico Fiscal pidi\u00f3 penas de hasta quince a\u00f1os de prisi\u00f3n para los acusados de lavar m\u00e1s de veinte millones de pesos provenientes de hechos de corrupci\u00f3n.<br \/>\nDe acuerdo con los fiscales generales Federico Carniel, Carlos Gonella e Indiana Garz\u00f3n, se dio por acreditado c\u00f3mo el exsecretario general de la Gobernaci\u00f3n, Horacio Rey, y el exsecretario de Comercio, Roberto Lugo, llevaron a cabo una organizaci\u00f3n il\u00edcita destinada a darle apariencia legal a fondos obtenidos de manera espuria.<br \/>\nDINERO DE PAUTAS PUBLICITARIAS Y CONTRATOS DIRECTOS A FAMILIARES<br \/>\nDe acuerdo con la acusaci\u00f3n, Rey y Lugo se valieron de su jerarqu\u00eda e influencia como funcionarios p\u00fablicos del gobierno provincial y perge\u00f1aron una estructura funcional que permiti\u00f3 dotar de apariencia l\u00edcita al dinero proveniente de hechos de corrupci\u00f3n.<br \/>\nEl exsecretario general de la gobernaci\u00f3n est\u00e1 se\u00f1alado de apropiarse de fondos p\u00fablicos a trav\u00e9s del desv\u00edo de la pauta publicitaria oficial, mientras que el exministro de Desarrollo Social habr\u00eda favorecido en la contrataci\u00f3n como proveedores del Estado a familiares y allegados, promoviendo negociados por altas sumas de dinero a trav\u00e9s de m\u00faltiples empresas.<br \/>\nLOS INTEGRANTES DE LA ASOCIACI\u00d3N IL\u00cdCITA Y LOS QUE DEBER\u00cdAN SER ABSUELTOS<br \/>\nTambi\u00e9n fueron se\u00f1alados como integrantes de la organizaci\u00f3n M\u00f3nica Viviana Yaczuk, Claudia Soledad Varela, Ricardo Ariel Retamozo, Gustavo Alejandro Katavich, Ismael \u00c1ngel Fern\u00e1ndez, Cristina Mariel Dellamea, Ram\u00f3n Alejandro Ch\u00e1vez, Carlos Rub\u00e9n David Osuna, Miguel \u00c1ngel Vilte, Mar\u00eda Laura Aguirre, Iv\u00e1n Alejandro Bilcich, Patricia Noem\u00ed V\u00e1zquez y Carlos Manuel Amarilla.<br \/>\nAl mismo tiempo, el MPF solicit\u00f3 la absoluci\u00f3n por falta de tipo subjetivo para Silvia Lorena Vallejos, M\u00f3nica Mabel Borovach, Cristian y Santiago Samaniego, Romina Gisele Fern\u00e1ndez, Ivanna Soledad S\u00e1nchez Pardo, Mariano Dami\u00e1n Gonz\u00e1lez; por encubrimiento impune para Cateline Jackeline Rodr\u00edguez; y por el beneficio de la duda en relaci\u00f3n a Mar\u00eda Elena Yaczuk, Lidia Clara Kyocapumisz y Silvia Carina Simcik.<br \/>\nLas penas que solicitaron los fiscales para los exfuncionarios provinciales<br \/>\nEl fiscal general Federico Carniel solicit\u00f3 para Horacio Rey, Roberto Lugo y Gustavo Katavich una pena de trece a\u00f1os de prisi\u00f3n por liderar una asociaci\u00f3n il\u00edcita fiscal en calidad de funcionarios p\u00fablicos. Dado que ambos ya cuentan con una condena previa, solicit\u00f3 que fueran unificadas en quince a\u00f1os.<br \/>\nIsmael Fern\u00e1ndez tambi\u00e9n fue se\u00f1alado como integrante de la organizaci\u00f3n, por lo que el pedido de penas fue de trece a\u00f1os. En el caso de Patricia V\u00e1zquez, Ram\u00f3n Ch\u00e1vez y Claudia Varela, el pedido de penas fue de diez a\u00f1os de prisi\u00f3n; de ocho a\u00f1os para M\u00f3nica Yaczuk y Cristina Dellamea; y de seis a\u00f1os de prisi\u00f3n para Ricardo Retamozo.<br \/>\nCarlos Rub\u00e9n Osuna, Carlos Amarilla y Miguel \u00c1ngel Vilte, siete a\u00f1os. Para Mar\u00eda Laura Aguirre e Iv\u00e1n Bilcich el pedido fue de tres a\u00f1os, en calidad de c\u00f3mplices secundarios.<br \/>\n&#8220;Pobreza, desnutrici\u00f3n infantil y falta de estructura&#8221;, describi\u00f3 Carniel<br \/>\nDurante los alegatos ante el Tribunal Oral Federal de Resistencia, el fiscal general Federico Carniel dijo que los acusados demostraron &#8220;un desprecio por los fondos p\u00fablicos del Chaco, donde hay pobreza estructural, desnutrici\u00f3n infantil y falta de estructura, con actos de despilfarro y ostentaci\u00f3n en una sociedad que tiene todas las carencias&#8221;.<br \/>\nLleg\u00f3 a describir detalladamente la actuaci\u00f3n de Roberto Lugo como cabeza de esta asociaci\u00f3n il\u00edcita y lo calific\u00f3 como un t\u00edpico caso de crimen organizado, con una estructura piramidal, se\u00f1al\u00e1ndolo a \u00e9l junto con Horacio Rey como las cabezas y beneficiarios finales de la malversaci\u00f3n de fondos. Seg\u00fan el fiscal, &#8220;ellos generaron el nido para que recibieran el dinero, y era una estructura donde hab\u00eda una divisi\u00f3n de roles y cada quien cumpl\u00eda una funci\u00f3n&#8221;.<br \/>\nEl fiscal Carlos Gonella detall\u00f3 c\u00f3mo Rey y varios de los imputados dise\u00f1aron y ejecutaron una maniobra il\u00edcita en relaci\u00f3n con el manejo de fondos p\u00fablicos administrados por el Fideicomiso de Pauta Publicitaria Oficial (Fappo), a trav\u00e9s de su autoridad de aplicaci\u00f3n, la Secretar\u00eda General de Gobierno y Coordinaci\u00f3n de la Provincia del Chaco, que estaba a cargo de Rey, y de Fiduciaria del Norte S.A.<br \/>\nDiarioNorte.-<br \/>\ntags : destacada<\/p>\n","protected":false},"excerpt":{"rendered":"<p>Pasadas las 9 de esta ma\u00f1ana comenz\u00f3 en el Tribunal Oral Federal de Resistencia, la instancia de veredicto en el caso denominado &#8220;Lavado I&#8221;, donde los exfuncionarios que fueran l\u00edderes de la organizaci\u00f3n il\u00edcita podr\u00edan recibir hasta quince a\u00f1os de prisi\u00f3n. Hay trece acusados m\u00e1s. En junio, el Ministerio P\u00fablico Fiscal pidi\u00f3 penas de hasta [&hellip;]<\/p>\n","protected":false},"author":1,"featured_media":17167,"comment_status":"closed","ping_status":"closed","sticky":false,"template":"","format":"standard","meta":{"footnotes":""},"categories":[6],"tags":[],"class_list":{"0":"post-17166","1":"post","2":"type-post","3":"status-publish","4":"format-standard","5":"has-post-thumbnail","7":"category-chaco"},"_links":{"self":[{"href":"https:\/\/chacosintesis.com.ar\/index.php\/wp-json\/wp\/v2\/posts\/17166","targetHints":{"allow":["GET"]}}],"collection":[{"href":"https:\/\/chacosintesis.com.ar\/index.php\/wp-json\/wp\/v2\/posts"}],"about":[{"href":"https:\/\/chacosintesis.com.ar\/index.php\/wp-json\/wp\/v2\/types\/post"}],"author":[{"embeddable":true,"href":"https:\/\/chacosintesis.com.ar\/index.php\/wp-json\/wp\/v2\/users\/1"}],"replies":[{"embeddable":true,"href":"https:\/\/chacosintesis.com.ar\/index.php\/wp-json\/wp\/v2\/comments?post=17166"}],"version-history":[{"count":0,"href":"https:\/\/chacosintesis.com.ar\/index.php\/wp-json\/wp\/v2\/posts\/17166\/revisions"}],"wp:featuredmedia":[{"embeddable":true,"href":"https:\/\/chacosintesis.com.ar\/index.php\/wp-json\/wp\/v2\/media\/17167"}],"wp:attachment":[{"href":"https:\/\/chacosintesis.com.ar\/index.php\/wp-json\/wp\/v2\/media?parent=17166"}],"wp:term":[{"taxonomy":"category","embeddable":true,"href":"https:\/\/chacosintesis.com.ar\/index.php\/wp-json\/wp\/v2\/categories?post=17166"},{"taxonomy":"post_tag","embeddable":true,"href":"https:\/\/chacosintesis.com.ar\/index.php\/wp-json\/wp\/v2\/tags?post=17166"}],"curies":[{"name":"wp","href":"https:\/\/api.w.org\/{rel}","templated":true}]}}