{"id":17164,"date":"2022-09-14T09:52:12","date_gmt":"2022-09-14T12:52:12","guid":{"rendered":"https:\/\/chacosintesis.com.ar\/?p=17164"},"modified":"2022-09-14T10:07:11","modified_gmt":"2022-09-14T13:07:11","slug":"ucr-rechazamos-cualquier-intento-de-suspension-de-las-elecciones-paso","status":"publish","type":"post","link":"https:\/\/chacosintesis.com.ar\/index.php\/ucr-rechazamos-cualquier-intento-de-suspension-de-las-elecciones-paso\/","title":{"rendered":"UCR: &#8220;Rechazamos cualquier intento de suspensi\u00f3n de las elecciones PASO&#8221;"},"content":{"rendered":"<p>La Uni\u00f3n C\u00edvica Radical del Chaco, a trav\u00e9s de su presidente Juan Carlos Polini y su vicepresidenta, Glenda Seifert, expres\u00f3 su preocupaci\u00f3n por  una posible suspensi\u00f3n de las elecciones primarias, abiertas, simult\u00e1neas y obligatorias (PASO) en la provincia.<br \/>\n\u201cProvincias como Salta, San Juan, en donde adem\u00e1s se reinstaur\u00f3 la Ley de lemas, y Catamarca, han suspendido las elecciones primarias, creemos que ser\u00e1n muchas otras las que se sumen a esta iniciativa impulsada por el kirchnerismo como estrategia frente a lo que  ser\u00e1 un desastroso resultado electoral en 2023,  en este contexto tenemos sobrados motivos para creer que el oficialismo provincial no ser\u00e1 ajeno a esa maniobra\u201d<br \/>\n\u201cDesde la UCR del Chaco adelantamos nuestro absoluto rechazo a la suspensi\u00f3n de las elecciones PASO, porque atenta contra la democracia, no solo son elecciones importantes para que los partidos puedan dirimir candidaturas sino porque permite aumentar la representatividad para que la sociedad pueda elegir libremente\u201d<br \/>\n\u201cEl kirchenrismo est\u00e1 ocupado en ver como sortean sus cuestiones judiciales y en especulaciones electorales, cercenando derechos y coartando libertades, no les importa lo que el pueblo argentino est\u00e1 viviendo,  desde la Uni\u00f3n C\u00edvica Radical no vamos a permitir mas atropellos, queremos m\u00e1s democracia, mas institucionalidad, m\u00e1s transparencia,  hace 131 a\u00f1os que la UCR recorre este camino, nada ni nadie nos va a doblegar\u201d<\/p>\n","protected":false},"excerpt":{"rendered":"<p>La Uni\u00f3n C\u00edvica Radical del Chaco, a trav\u00e9s de su presidente Juan Carlos Polini y su vicepresidenta, Glenda Seifert, expres\u00f3 su preocupaci\u00f3n por una posible suspensi\u00f3n de las elecciones primarias, abiertas, simult\u00e1neas y obligatorias (PASO) en la provincia. \u201cProvincias como Salta, San Juan, en donde adem\u00e1s se reinstaur\u00f3 la Ley de lemas, y Catamarca, han [&hellip;]<\/p>\n","protected":false},"author":1,"featured_media":17165,"comment_status":"closed","ping_status":"closed","sticky":false,"template":"","format":"standard","meta":{"footnotes":""},"categories":[6],"tags":[],"class_list":{"0":"post-17164","1":"post","2":"type-post","3":"status-publish","4":"format-standard","5":"has-post-thumbnail","7":"category-chaco"},"_links":{"self":[{"href":"https:\/\/chacosintesis.com.ar\/index.php\/wp-json\/wp\/v2\/posts\/17164","targetHints":{"allow":["GET"]}}],"collection":[{"href":"https:\/\/chacosintesis.com.ar\/index.php\/wp-json\/wp\/v2\/posts"}],"about":[{"href":"https:\/\/chacosintesis.com.ar\/index.php\/wp-json\/wp\/v2\/types\/post"}],"author":[{"embeddable":true,"href":"https:\/\/chacosintesis.com.ar\/index.php\/wp-json\/wp\/v2\/users\/1"}],"replies":[{"embeddable":true,"href":"https:\/\/chacosintesis.com.ar\/index.php\/wp-json\/wp\/v2\/comments?post=17164"}],"version-history":[{"count":0,"href":"https:\/\/chacosintesis.com.ar\/index.php\/wp-json\/wp\/v2\/posts\/17164\/revisions"}],"wp:featuredmedia":[{"embeddable":true,"href":"https:\/\/chacosintesis.com.ar\/index.php\/wp-json\/wp\/v2\/media\/17165"}],"wp:attachment":[{"href":"https:\/\/chacosintesis.com.ar\/index.php\/wp-json\/wp\/v2\/media?parent=17164"}],"wp:term":[{"taxonomy":"category","embeddable":true,"href":"https:\/\/chacosintesis.com.ar\/index.php\/wp-json\/wp\/v2\/categories?post=17164"},{"taxonomy":"post_tag","embeddable":true,"href":"https:\/\/chacosintesis.com.ar\/index.php\/wp-json\/wp\/v2\/tags?post=17164"}],"curies":[{"name":"wp","href":"https:\/\/api.w.org\/{rel}","templated":true}]}}