{"id":17157,"date":"2022-09-13T18:59:09","date_gmt":"2022-09-13T21:59:09","guid":{"rendered":"https:\/\/chacosintesis.com.ar\/?p=17157"},"modified":"2022-09-13T19:09:36","modified_gmt":"2022-09-13T22:09:36","slug":"elecciones-en-gancedo-tres-alianzas-transitorias-se-presentaron-para-elegir-a-la-o-el-nuevo-intendente","status":"publish","type":"post","link":"https:\/\/chacosintesis.com.ar\/index.php\/elecciones-en-gancedo-tres-alianzas-transitorias-se-presentaron-para-elegir-a-la-o-el-nuevo-intendente\/","title":{"rendered":"Elecciones en Gancedo: tres alianzas transitorias se presentaron para elegir a la o el nuevo intendente"},"content":{"rendered":"<p>El Tribunal Electoral de la Provincia del Chaco inform\u00f3 que el lunes venci\u00f3 el plazo de presentaci\u00f3n de alianzas para su reconocimiento con el fin de participar en las Elecciones Extraordinarias del Municipio de Gancedo que se llevar\u00e1 a cabo el pr\u00f3ximo 23 de octubre para elegir al reemplazante de Alberto Korovaichuk quien falleci\u00f3 el pasado 19 de agosto.<br \/>\nLos frentes que se presentaron para participar de la misma son, del oficialismo el \u201cFrente Chaque\u00f1o\u201d (con el PJ a la cabeza) y la Corriente de Expresi\u00f3n Renovadora (CER), conformado por el Partido Renovador Federal y Unir. Mientras que por parte de la oposici\u00f3n el frente unificado con la UCR y el PRO Juntos por Gancedo.<\/p>\n<p>El 23 de octubre<br \/>\n La elecci\u00f3n se realizar\u00e1 el 23 de octubre y, la eventual segunda vuelta est\u00e1 fijada para el 30 de octubre. Los comicios se realizar\u00e1n para elegir la o el intendente para completar el per\u00edodo constitucional de mandato que reemplazar\u00e1 a Alberto Carlos Korovaichuk, fallecido el 19 de agosto.<br \/>\nDe acuerdo al cronograma dispuesto por el acta N\u00ba 05\/22 del Tribunal Electoral de la Provincia del Chaco, la fecha de vencimiento para la presentaci\u00f3n de las alianzas para su reconocimiento fue el 12 de septiembre; en tanto, el registro de candidatos y pedido de oficializaci\u00f3n de listas ser\u00e1 el 19 de septiembre.<\/p>\n","protected":false},"excerpt":{"rendered":"<p>El Tribunal Electoral de la Provincia del Chaco inform\u00f3 que el lunes venci\u00f3 el plazo de presentaci\u00f3n de alianzas para su reconocimiento con el fin de participar en las Elecciones Extraordinarias del Municipio de Gancedo que se llevar\u00e1 a cabo el pr\u00f3ximo 23 de octubre para elegir al reemplazante de Alberto Korovaichuk quien falleci\u00f3 el [&hellip;]<\/p>\n","protected":false},"author":1,"featured_media":17158,"comment_status":"closed","ping_status":"closed","sticky":false,"template":"","format":"standard","meta":{"footnotes":""},"categories":[6],"tags":[],"class_list":{"0":"post-17157","1":"post","2":"type-post","3":"status-publish","4":"format-standard","5":"has-post-thumbnail","7":"category-chaco"},"_links":{"self":[{"href":"https:\/\/chacosintesis.com.ar\/index.php\/wp-json\/wp\/v2\/posts\/17157","targetHints":{"allow":["GET"]}}],"collection":[{"href":"https:\/\/chacosintesis.com.ar\/index.php\/wp-json\/wp\/v2\/posts"}],"about":[{"href":"https:\/\/chacosintesis.com.ar\/index.php\/wp-json\/wp\/v2\/types\/post"}],"author":[{"embeddable":true,"href":"https:\/\/chacosintesis.com.ar\/index.php\/wp-json\/wp\/v2\/users\/1"}],"replies":[{"embeddable":true,"href":"https:\/\/chacosintesis.com.ar\/index.php\/wp-json\/wp\/v2\/comments?post=17157"}],"version-history":[{"count":0,"href":"https:\/\/chacosintesis.com.ar\/index.php\/wp-json\/wp\/v2\/posts\/17157\/revisions"}],"wp:featuredmedia":[{"embeddable":true,"href":"https:\/\/chacosintesis.com.ar\/index.php\/wp-json\/wp\/v2\/media\/17158"}],"wp:attachment":[{"href":"https:\/\/chacosintesis.com.ar\/index.php\/wp-json\/wp\/v2\/media?parent=17157"}],"wp:term":[{"taxonomy":"category","embeddable":true,"href":"https:\/\/chacosintesis.com.ar\/index.php\/wp-json\/wp\/v2\/categories?post=17157"},{"taxonomy":"post_tag","embeddable":true,"href":"https:\/\/chacosintesis.com.ar\/index.php\/wp-json\/wp\/v2\/tags?post=17157"}],"curies":[{"name":"wp","href":"https:\/\/api.w.org\/{rel}","templated":true}]}}