{"id":17155,"date":"2022-09-13T11:26:28","date_gmt":"2022-09-13T14:26:28","guid":{"rendered":"https:\/\/chacosintesis.com.ar\/?p=17155"},"modified":"2022-09-13T11:37:51","modified_gmt":"2022-09-13T14:37:51","slug":"informe-del-servicio-meteorologico-nacional-sequia-moderada-en-gran-parte-del-territorio-chaqueno","status":"publish","type":"post","link":"https:\/\/chacosintesis.com.ar\/index.php\/informe-del-servicio-meteorologico-nacional-sequia-moderada-en-gran-parte-del-territorio-chaqueno\/","title":{"rendered":"Informe del Servicio Meteorol\u00f3gico Nacional: sequ\u00eda moderada en gran parte del territorio chaque\u00f1o"},"content":{"rendered":"<p>De acuerdo a lo que informa el Sistema de Informaci\u00f3n sobre Sequ\u00edas para el Sur de Sudam\u00e9rica (SISSA) que trabaja en articulaci\u00f3n junto al Servicio Meteorol\u00f3gico Nacional (SMN), gran parte del territorio provincial se encuentra bajo la categor\u00eda de \u201csequ\u00eda moderada\u201d y \u201canormalmente seco\u201d, a excepci\u00f3n de una zona muy peque\u00f1a en l\u00edmite con la provincia de Salta, donde los valores ascienden a \u201csequ\u00eda severa y extrema\u201d.<br \/>\nLos datos contemplan registros desde el primero de junio hasta el 31 de agosto de este a\u00f1o.<br \/>\nLas ciudades principales que se tomaron como referencia de \u201cestaciones\u201d, son las de Presidencia Roque S\u00e1enz Pe\u00f1a (que de acuerdo al registro lleva 14 d\u00edas sin lluvia) y se encuentra bajo la categor\u00eda (sequ\u00eda excepcional) y a la ciudad capital de Resistencia (que lleva nueve d\u00edas sin lluvia) y, actualmente tiene una condici\u00f3n de \u201csequ\u00eda severa\u201d.<br \/>\n Las zonas amarillas del mapa de la provincia indican condiciones &#8220;anormalmente secas&#8221; a las que no se considera propiamente sequ\u00eda, sino que refieren a \u00e1reas que pueden estar entrando o recuper\u00e1ndose de condiciones secas.<br \/>\nLas categor\u00edas restantes refieren a cuatro grados de sequ\u00eda de severidad creciente: los tonos anaranjados claros indican &#8220;sequ\u00eda moderada&#8221;, el anaranjado &#8220;sequ\u00eda severa&#8221;, el rojo &#8220;sequ\u00eda extrema&#8221; y finalmente el bord\u00f3 &#8220;sequ\u00eda excepcional&#8221;.<br \/>\nLas \u00e1reas blancas, son las categorizadas como &#8220;no seco&#8221;, indican que se est\u00e1n experimentando condiciones normales a h\u00famedas.<br \/>\nDatos a nivel pa\u00eds<br \/>\nLos gr\u00e1ficos pueden visualizar informaci\u00f3n de categor\u00edas de sequ\u00eda y discriminarlos por pa\u00eds.<br \/>\nEn la regi\u00f3n de Argentina, el 0.91 por ciento del territorio se encuentra en sequ\u00eda excepcional, el 3.14 por ciento bajo sequ\u00eda extrema, 9.98 por ciento en sequ\u00eda severa, 23.10 por ciento en sequ\u00eda moderada y 18.39 por cuento bajo la categor\u00eda \u201canormalmente seco\u201d.<\/p>\n","protected":false},"excerpt":{"rendered":"<p>De acuerdo a lo que informa el Sistema de Informaci\u00f3n sobre Sequ\u00edas para el Sur de Sudam\u00e9rica (SISSA) que trabaja en articulaci\u00f3n junto al Servicio Meteorol\u00f3gico Nacional (SMN), gran parte del territorio provincial se encuentra bajo la categor\u00eda de \u201csequ\u00eda moderada\u201d y \u201canormalmente seco\u201d, a excepci\u00f3n de una zona muy peque\u00f1a en l\u00edmite con la [&hellip;]<\/p>\n","protected":false},"author":1,"featured_media":17156,"comment_status":"closed","ping_status":"closed","sticky":false,"template":"","format":"standard","meta":{"footnotes":""},"categories":[6],"tags":[],"class_list":{"0":"post-17155","1":"post","2":"type-post","3":"status-publish","4":"format-standard","5":"has-post-thumbnail","7":"category-chaco"},"_links":{"self":[{"href":"https:\/\/chacosintesis.com.ar\/index.php\/wp-json\/wp\/v2\/posts\/17155","targetHints":{"allow":["GET"]}}],"collection":[{"href":"https:\/\/chacosintesis.com.ar\/index.php\/wp-json\/wp\/v2\/posts"}],"about":[{"href":"https:\/\/chacosintesis.com.ar\/index.php\/wp-json\/wp\/v2\/types\/post"}],"author":[{"embeddable":true,"href":"https:\/\/chacosintesis.com.ar\/index.php\/wp-json\/wp\/v2\/users\/1"}],"replies":[{"embeddable":true,"href":"https:\/\/chacosintesis.com.ar\/index.php\/wp-json\/wp\/v2\/comments?post=17155"}],"version-history":[{"count":0,"href":"https:\/\/chacosintesis.com.ar\/index.php\/wp-json\/wp\/v2\/posts\/17155\/revisions"}],"wp:featuredmedia":[{"embeddable":true,"href":"https:\/\/chacosintesis.com.ar\/index.php\/wp-json\/wp\/v2\/media\/17156"}],"wp:attachment":[{"href":"https:\/\/chacosintesis.com.ar\/index.php\/wp-json\/wp\/v2\/media?parent=17155"}],"wp:term":[{"taxonomy":"category","embeddable":true,"href":"https:\/\/chacosintesis.com.ar\/index.php\/wp-json\/wp\/v2\/categories?post=17155"},{"taxonomy":"post_tag","embeddable":true,"href":"https:\/\/chacosintesis.com.ar\/index.php\/wp-json\/wp\/v2\/tags?post=17155"}],"curies":[{"name":"wp","href":"https:\/\/api.w.org\/{rel}","templated":true}]}}