{"id":17148,"date":"2022-09-13T09:04:12","date_gmt":"2022-09-13T12:04:12","guid":{"rendered":"https:\/\/chacosintesis.com.ar\/?p=17148"},"modified":"2022-09-13T09:09:10","modified_gmt":"2022-09-13T12:09:10","slug":"una-mujer-denuncio-que-fue-golpeada-por-un-policia-saenzpenense","status":"publish","type":"post","link":"https:\/\/chacosintesis.com.ar\/index.php\/una-mujer-denuncio-que-fue-golpeada-por-un-policia-saenzpenense\/","title":{"rendered":"Una mujer denunci\u00f3 que fue golpeada por un polic\u00eda s\u00e1enzpe\u00f1ense"},"content":{"rendered":"<p>Ocurri\u00f3 a la salida de un baile. La v\u00edc\u00adtima asegura que el agresor estaba acompa\u00f1ado de otros efectivos de la fuerza.<br \/>\n Una mujer de 23 a\u00f1os radic\u00f3 una denuncia en la Divisi\u00f3n de Violencia Familiar y de G\u00e9nero contra un agente de la Polic\u00eda del Chaco, a quien lo acus\u00f3 de haberle propinado varios golpes de pu\u00f1o cuando estaban en la pista bailable de esta ciudad conocida como \u2018Patio Sapucay\u2018, el pasado s\u00e1bado en horas de la madrugada.<br \/>\nSeg\u00fan cont\u00f3 en la denuncia, el s\u00e1bado cuando estaba retir\u00e1ndose del patio bailable se le acerc\u00f3 el polic\u00eda, a quien ella lo conoce. El uniformado supuestamente se ofreci\u00f3 a acompa\u00f1arla hasta su domicilio pero ella se neg\u00f3.<br \/>\nEl hombre presuntamente insisti\u00f3 varias veces y ella segu\u00eda rechazando la propuesta, hasta que se produjo la supuesta agresi\u00f3n f\u00edsica ante la mirada de varias personas, entre ellas una amiga con la que hab\u00eda concurrido. M\u00e1s gravedad le da al hecho denunciado, siempre seg\u00fan lo expuesto por la v\u00edctima, que el supuesto agresor estaba acompa\u00f1ado de otros efectivos policiales de la misma divisi\u00f3n.<br \/>\nA la damnificada, al presentarse a la oficina de atenci\u00f3n a la mujer ese mismo d\u00eda, le pudieron corroborar las lesiones que ten\u00eda en la zona de la cara, como as\u00ed en otras partes del cuerpo. Se espera que el agente sea citado por el fiscal de turno.<br \/>\nEste hecho ocurre pocos d\u00edas despu\u00e9s que dos efectivos, tambi\u00e9n de S\u00e1enz Pe\u00f1a, fueran denunciados por abuso sexual por una mujer que hab\u00eda acudido a denunciar un caso de violencia de g\u00e9nero.<br \/>\n DIARIO NORTE.-<\/p>\n","protected":false},"excerpt":{"rendered":"<p>Ocurri\u00f3 a la salida de un baile. La v\u00edc\u00adtima asegura que el agresor estaba acompa\u00f1ado de otros efectivos de la fuerza. Una mujer de 23 a\u00f1os radic\u00f3 una denuncia en la Divisi\u00f3n de Violencia Familiar y de G\u00e9nero contra un agente de la Polic\u00eda del Chaco, a quien lo acus\u00f3 de haberle propinado varios golpes [&hellip;]<\/p>\n","protected":false},"author":1,"featured_media":17149,"comment_status":"closed","ping_status":"closed","sticky":false,"template":"","format":"standard","meta":{"footnotes":""},"categories":[6],"tags":[197],"class_list":{"0":"post-17148","1":"post","2":"type-post","3":"status-publish","4":"format-standard","5":"has-post-thumbnail","7":"category-chaco","8":"tag-destacada"},"_links":{"self":[{"href":"https:\/\/chacosintesis.com.ar\/index.php\/wp-json\/wp\/v2\/posts\/17148","targetHints":{"allow":["GET"]}}],"collection":[{"href":"https:\/\/chacosintesis.com.ar\/index.php\/wp-json\/wp\/v2\/posts"}],"about":[{"href":"https:\/\/chacosintesis.com.ar\/index.php\/wp-json\/wp\/v2\/types\/post"}],"author":[{"embeddable":true,"href":"https:\/\/chacosintesis.com.ar\/index.php\/wp-json\/wp\/v2\/users\/1"}],"replies":[{"embeddable":true,"href":"https:\/\/chacosintesis.com.ar\/index.php\/wp-json\/wp\/v2\/comments?post=17148"}],"version-history":[{"count":0,"href":"https:\/\/chacosintesis.com.ar\/index.php\/wp-json\/wp\/v2\/posts\/17148\/revisions"}],"wp:featuredmedia":[{"embeddable":true,"href":"https:\/\/chacosintesis.com.ar\/index.php\/wp-json\/wp\/v2\/media\/17149"}],"wp:attachment":[{"href":"https:\/\/chacosintesis.com.ar\/index.php\/wp-json\/wp\/v2\/media?parent=17148"}],"wp:term":[{"taxonomy":"category","embeddable":true,"href":"https:\/\/chacosintesis.com.ar\/index.php\/wp-json\/wp\/v2\/categories?post=17148"},{"taxonomy":"post_tag","embeddable":true,"href":"https:\/\/chacosintesis.com.ar\/index.php\/wp-json\/wp\/v2\/tags?post=17148"}],"curies":[{"name":"wp","href":"https:\/\/api.w.org\/{rel}","templated":true}]}}