{"id":17140,"date":"2022-09-12T09:31:27","date_gmt":"2022-09-12T12:31:27","guid":{"rendered":"https:\/\/chacosintesis.com.ar\/?p=17140"},"modified":"2022-09-12T09:37:18","modified_gmt":"2022-09-12T12:37:18","slug":"el-gobierno-anuncio-beneficios-para-personas-afiliadas-al-insssep","status":"publish","type":"post","link":"https:\/\/chacosintesis.com.ar\/index.php\/el-gobierno-anuncio-beneficios-para-personas-afiliadas-al-insssep\/","title":{"rendered":"El Gobierno anunci\u00f3 beneficios para personas afiliadas al INSSSEP"},"content":{"rendered":"<p>El gobernador Jorge Capitanich anunci\u00f3 esta ma\u00f1ana el aumento en el cobro de consulta m\u00e9dica para prestadores de los servicios de salud. Inform\u00f3 que desde el 1 de septiembre, las y los profesionales pasar\u00e1n de cobrar 1300 pesos a 2.500 pesos por consulta, en el caso de quienes tengan carrera m\u00e9dica y especialidad, \u201clo cual implica un incentivo a la formaci\u00f3n y a la calidad de atenci\u00f3n\u201d.<br \/>\nPor otra parte, para quienes no tengan antig\u00fcedad ni especialidad, el monto pasa de 1.089 pesos a 1.538 pesos.<br \/>\n\u201cSe trata de un incremento significativo que implica la actualizaci\u00f3n equivalente al 75%\u201d, dijo el primer mandatario provincial.<br \/>\nAdem\u00e1s, Capitanch asegur\u00f3 que quienes incumplan con la regla, tendr\u00e1n una penalizaci\u00f3n, que es la suspensi\u00f3n del padr\u00f3n de prestadores y el retrotraimiento de los valores arancelarios anteriores, adem\u00e1s del \u201cdesest\u00edmulo general del valor prestacional en los futuros incrementos\u201d, se\u00f1al\u00f3.<br \/>\n\u201cCreemos que el esfuerzo que hacemos tiene que ser compensado con el cumplimiento de la regla\u201d, dijo y remarc\u00f3 que \u201cla contraparte que hemos planteado es garantizar la credencial digital\u201d.<br \/>\nCapitanich expres\u00f3 que \u201cel cobro de plus debe ser erradicado, es una pr\u00e1ctica inviable\u201d.<br \/>\nEn cuanto a las internaciones, el gobernador anunci\u00f3 el incremento del 10% del m\u00f3dulo de medicamentos y un nuevo listado de medicamentos, que implica una modificaci\u00f3n del nomenclador quir\u00fargico, \u201creconociendo adicionales cuando sea horario nocturno, feriados y cuando se trata de atencion de ni\u00f1os, ni\u00f1as, personas mayores y personas con obesidad\u201d, indic\u00f3.<br \/>\nAdem\u00e1s, el gobernador dijo que se pretende el uso de la receta digital para medicamentos ambulatorios a partir del 1ro de octubre, con un listado que incluye 8.300 medicamentos.<br \/>\nAdem\u00e1s, coment\u00f3 que se incorporar\u00e1n ocho drogas para prevenci\u00f3n cardiovascular.<br \/>\n\u201cCreemos que es muy importante observar que las medidas se inscriben dentro de un conjunto de disposiciones que hemos realizado a partir del 10 de diciembre del 2019, en primer lugar la regularizaci\u00f3n de la deuda preexistente de la obra social y seguros que ha sido cancelada\u201d, dijo y anunci\u00f3 que \u201ca partir de este semestre se ha hecho un cronograma para pagar la facturaci\u00f3n a 30 d\u00edas vencidos\u201d.<br \/>\nEl mandatario chaque\u00f1o dijo que \u201ccon este incremento en el valor de los aranceles, pretendemos poner fin al esquema de plus m\u00e9dico\u201d, enfatiz\u00f3 y dijo que \u201cel esfuerzo que se hace en la obra social, implica mejor cobertura en la red de atenci\u00f3n\u201d.<br \/>\nCapitanich expuso que se establecer\u00e1 \u201cun principio de solidaridad\u201d, ya que \u201cno es posible lucrar con las necesidades de las personas\u201d.<br \/>\nComent\u00f3 adem\u00e1s que esta medida tiene un costo fiscal que implica un incremento adicional 160 millones de pesos por mes.<\/p>\n","protected":false},"excerpt":{"rendered":"<p>El gobernador Jorge Capitanich anunci\u00f3 esta ma\u00f1ana el aumento en el cobro de consulta m\u00e9dica para prestadores de los servicios de salud. Inform\u00f3 que desde el 1 de septiembre, las y los profesionales pasar\u00e1n de cobrar 1300 pesos a 2.500 pesos por consulta, en el caso de quienes tengan carrera m\u00e9dica y especialidad, \u201clo cual [&hellip;]<\/p>\n","protected":false},"author":1,"featured_media":17141,"comment_status":"closed","ping_status":"closed","sticky":false,"template":"","format":"standard","meta":{"footnotes":""},"categories":[6],"tags":[],"class_list":{"0":"post-17140","1":"post","2":"type-post","3":"status-publish","4":"format-standard","5":"has-post-thumbnail","7":"category-chaco"},"_links":{"self":[{"href":"https:\/\/chacosintesis.com.ar\/index.php\/wp-json\/wp\/v2\/posts\/17140","targetHints":{"allow":["GET"]}}],"collection":[{"href":"https:\/\/chacosintesis.com.ar\/index.php\/wp-json\/wp\/v2\/posts"}],"about":[{"href":"https:\/\/chacosintesis.com.ar\/index.php\/wp-json\/wp\/v2\/types\/post"}],"author":[{"embeddable":true,"href":"https:\/\/chacosintesis.com.ar\/index.php\/wp-json\/wp\/v2\/users\/1"}],"replies":[{"embeddable":true,"href":"https:\/\/chacosintesis.com.ar\/index.php\/wp-json\/wp\/v2\/comments?post=17140"}],"version-history":[{"count":0,"href":"https:\/\/chacosintesis.com.ar\/index.php\/wp-json\/wp\/v2\/posts\/17140\/revisions"}],"wp:featuredmedia":[{"embeddable":true,"href":"https:\/\/chacosintesis.com.ar\/index.php\/wp-json\/wp\/v2\/media\/17141"}],"wp:attachment":[{"href":"https:\/\/chacosintesis.com.ar\/index.php\/wp-json\/wp\/v2\/media?parent=17140"}],"wp:term":[{"taxonomy":"category","embeddable":true,"href":"https:\/\/chacosintesis.com.ar\/index.php\/wp-json\/wp\/v2\/categories?post=17140"},{"taxonomy":"post_tag","embeddable":true,"href":"https:\/\/chacosintesis.com.ar\/index.php\/wp-json\/wp\/v2\/tags?post=17140"}],"curies":[{"name":"wp","href":"https:\/\/api.w.org\/{rel}","templated":true}]}}