{"id":17136,"date":"2022-09-11T17:28:11","date_gmt":"2022-09-11T20:28:11","guid":{"rendered":"https:\/\/chacosintesis.com.ar\/?p=17136"},"modified":"2022-09-11T17:36:45","modified_gmt":"2022-09-11T20:36:45","slug":"capitanich-recorrio-obras-y-envio-un-calido-y-afectuoso-saludo-a-las-y-los-maestros-en-su-dia","status":"publish","type":"post","link":"https:\/\/chacosintesis.com.ar\/index.php\/capitanich-recorrio-obras-y-envio-un-calido-y-afectuoso-saludo-a-las-y-los-maestros-en-su-dia\/","title":{"rendered":"Capitanich recorri\u00f3 obras y envi\u00f3 un \u201cc\u00e1lido y afectuoso\u201d saludo a las y los maestros en su d\u00eda"},"content":{"rendered":"<p>El gobernador Jorge Capitanich recorri\u00f3 obras que se ejecutan en Resistencia, oportunidad en la que envi\u00f3 un \u201cc\u00e1lido y afectuoso saludo\u201d a las y los docentes en este D\u00eda del Maestro. \u201cCon su esfuerzo construyen la formaci\u00f3n de nuestros alumnos y alumnas para promover la movilidad social ascendente, la identidad nacional y la construcci\u00f3n de una democracia pluralista\u201d, destac\u00f3 a trav\u00e9s de sus redes sociales.<br \/>\nDurante la ma\u00f1ana de este domingo 11, el mandatario chaque\u00f1o recorri\u00f3 una cantidad importante de viviendas que est\u00e1n siendo construidas por el Instituto Provincial de Desarrollo Urbano y Vivienda (Ipduv), a trav\u00e9s de la operatoria Casa Propia, junto al Ministerio de Desarrollo Territorial y H\u00e1bitat de la Naci\u00f3n que conduce Jorge Ferraresi.<br \/>\n\u201cSon cerca de 1500 viviendas que se est\u00e1n construyendo en la zona Sur de Resistencia pero son unas 8000 soluciones habitacionales en toda la provincia. Vamos a seguir expandiendo m\u00e1s viviendas a partir de procesos constructivos que permitan la participaci\u00f3n de cooperativas de la econom\u00eda social. es muy importante porque estamos cada vez m\u00e1s cerca de garantizar la vivienda digna a muchas m\u00e1s familias\u201d, concluy\u00f3 Capitanich.<\/p>\n","protected":false},"excerpt":{"rendered":"<p>El gobernador Jorge Capitanich recorri\u00f3 obras que se ejecutan en Resistencia, oportunidad en la que envi\u00f3 un \u201cc\u00e1lido y afectuoso saludo\u201d a las y los docentes en este D\u00eda del Maestro. \u201cCon su esfuerzo construyen la formaci\u00f3n de nuestros alumnos y alumnas para promover la movilidad social ascendente, la identidad nacional y la construcci\u00f3n de [&hellip;]<\/p>\n","protected":false},"author":1,"featured_media":17137,"comment_status":"closed","ping_status":"closed","sticky":false,"template":"","format":"standard","meta":{"footnotes":""},"categories":[6],"tags":[],"class_list":{"0":"post-17136","1":"post","2":"type-post","3":"status-publish","4":"format-standard","5":"has-post-thumbnail","7":"category-chaco"},"_links":{"self":[{"href":"https:\/\/chacosintesis.com.ar\/index.php\/wp-json\/wp\/v2\/posts\/17136","targetHints":{"allow":["GET"]}}],"collection":[{"href":"https:\/\/chacosintesis.com.ar\/index.php\/wp-json\/wp\/v2\/posts"}],"about":[{"href":"https:\/\/chacosintesis.com.ar\/index.php\/wp-json\/wp\/v2\/types\/post"}],"author":[{"embeddable":true,"href":"https:\/\/chacosintesis.com.ar\/index.php\/wp-json\/wp\/v2\/users\/1"}],"replies":[{"embeddable":true,"href":"https:\/\/chacosintesis.com.ar\/index.php\/wp-json\/wp\/v2\/comments?post=17136"}],"version-history":[{"count":0,"href":"https:\/\/chacosintesis.com.ar\/index.php\/wp-json\/wp\/v2\/posts\/17136\/revisions"}],"wp:featuredmedia":[{"embeddable":true,"href":"https:\/\/chacosintesis.com.ar\/index.php\/wp-json\/wp\/v2\/media\/17137"}],"wp:attachment":[{"href":"https:\/\/chacosintesis.com.ar\/index.php\/wp-json\/wp\/v2\/media?parent=17136"}],"wp:term":[{"taxonomy":"category","embeddable":true,"href":"https:\/\/chacosintesis.com.ar\/index.php\/wp-json\/wp\/v2\/categories?post=17136"},{"taxonomy":"post_tag","embeddable":true,"href":"https:\/\/chacosintesis.com.ar\/index.php\/wp-json\/wp\/v2\/tags?post=17136"}],"curies":[{"name":"wp","href":"https:\/\/api.w.org\/{rel}","templated":true}]}}