{"id":17134,"date":"2022-09-11T15:11:31","date_gmt":"2022-09-11T18:11:31","guid":{"rendered":"https:\/\/chacosintesis.com.ar\/?p=17134"},"modified":"2022-09-11T15:36:38","modified_gmt":"2022-09-11T18:36:38","slug":"siniestro-fatal-en-villa-angela-protagonizado-por-una-motocicleta-y-un-camion","status":"publish","type":"post","link":"https:\/\/chacosintesis.com.ar\/index.php\/siniestro-fatal-en-villa-angela-protagonizado-por-una-motocicleta-y-un-camion\/","title":{"rendered":"Siniestro fatal en Villa \u00c1ngela protagonizado por una motocicleta y un cami\u00f3n"},"content":{"rendered":"<p>Sucedi\u00f3 a 15 kil\u00f3metros al cardinal Sur del casco urbano de Villa \u00c1ngela.<br \/>\n Este s\u00e1bado a las 22:10, agentes de la Divisi\u00f3n Criminal\u00edstica Interior Villa \u00c1ngela, intervinieron en un choque entre un cami\u00f3n Ford modelo 1932 guiado por un hombre de 42 a\u00f1os y una moto Zanella 125 conducida por Jos\u00e9 Mar\u00eda Aguilar, de 39 a\u00f1os.<br \/>\n El motociclista falleci\u00f3 de manera instant\u00e1nea en el lugar de los hechos. El caso es investigado por peritos a cargo, quienes deber\u00e1n establecer las causas del siniestro.<br \/>\n DIARIO NORTE-.<\/p>\n","protected":false},"excerpt":{"rendered":"<p>Sucedi\u00f3 a 15 kil\u00f3metros al cardinal Sur del casco urbano de Villa \u00c1ngela. Este s\u00e1bado a las 22:10, agentes de la Divisi\u00f3n Criminal\u00edstica Interior Villa \u00c1ngela, intervinieron en un choque entre un cami\u00f3n Ford modelo 1932 guiado por un hombre de 42 a\u00f1os y una moto Zanella 125 conducida por Jos\u00e9 Mar\u00eda Aguilar, de 39 [&hellip;]<\/p>\n","protected":false},"author":1,"featured_media":17135,"comment_status":"closed","ping_status":"closed","sticky":false,"template":"","format":"standard","meta":{"footnotes":""},"categories":[6],"tags":[],"class_list":{"0":"post-17134","1":"post","2":"type-post","3":"status-publish","4":"format-standard","5":"has-post-thumbnail","7":"category-chaco"},"_links":{"self":[{"href":"https:\/\/chacosintesis.com.ar\/index.php\/wp-json\/wp\/v2\/posts\/17134","targetHints":{"allow":["GET"]}}],"collection":[{"href":"https:\/\/chacosintesis.com.ar\/index.php\/wp-json\/wp\/v2\/posts"}],"about":[{"href":"https:\/\/chacosintesis.com.ar\/index.php\/wp-json\/wp\/v2\/types\/post"}],"author":[{"embeddable":true,"href":"https:\/\/chacosintesis.com.ar\/index.php\/wp-json\/wp\/v2\/users\/1"}],"replies":[{"embeddable":true,"href":"https:\/\/chacosintesis.com.ar\/index.php\/wp-json\/wp\/v2\/comments?post=17134"}],"version-history":[{"count":0,"href":"https:\/\/chacosintesis.com.ar\/index.php\/wp-json\/wp\/v2\/posts\/17134\/revisions"}],"wp:featuredmedia":[{"embeddable":true,"href":"https:\/\/chacosintesis.com.ar\/index.php\/wp-json\/wp\/v2\/media\/17135"}],"wp:attachment":[{"href":"https:\/\/chacosintesis.com.ar\/index.php\/wp-json\/wp\/v2\/media?parent=17134"}],"wp:term":[{"taxonomy":"category","embeddable":true,"href":"https:\/\/chacosintesis.com.ar\/index.php\/wp-json\/wp\/v2\/categories?post=17134"},{"taxonomy":"post_tag","embeddable":true,"href":"https:\/\/chacosintesis.com.ar\/index.php\/wp-json\/wp\/v2\/tags?post=17134"}],"curies":[{"name":"wp","href":"https:\/\/api.w.org\/{rel}","templated":true}]}}