{"id":17116,"date":"2022-08-30T20:09:00","date_gmt":"2022-08-30T23:09:00","guid":{"rendered":"https:\/\/chacosintesis.com.ar\/?p=17116"},"modified":"2022-09-08T12:12:48","modified_gmt":"2022-09-08T15:12:48","slug":"cuesta-queremos-un-chaco-de-produccion-y-trabajo-que-progrese-a-traves-del-esfuerzo","status":"publish","type":"post","link":"https:\/\/chacosintesis.com.ar\/index.php\/cuesta-queremos-un-chaco-de-produccion-y-trabajo-que-progrese-a-traves-del-esfuerzo\/","title":{"rendered":"Cuesta: \u201cQueremos un Chaco de producci\u00f3n y trabajo que progrese a trav\u00e9s del esfuerzo\u201d"},"content":{"rendered":"\n<p>En la antesala de una nueva sesi\u00f3n itinerante del programa Sesionemos Juntos, la presidenta del Poder Legislativo, Elida Cuesta, visit\u00f3 junto a legisladoras y legisladores de diferentes bloques pol\u00edticos; la intendenta Glenda Seifert; y el cuerpo de concejales, instituciones y emprendimientos productivos de la localidad. La comitiva recorri\u00f3 la planta de semillas Uni\u00f3n Agr\u00edcola Avellaneda, Pampa Semillas SRL y la fundaci\u00f3n de equinoterapia IAN.<\/p>\n\n\n\n<p><br>Acompa\u00f1aron las y los diputados Claudia Panzardi, Carim Peche, Gricelda Ojeda, Andrea Charole, Zulma Galeano, Gustavo Corradi, Livio Guti\u00e9rrez, Dorys Arkwright, Jessica Ayala, D\u00e9bora Cardozo y Hugo Sager.<\/p>\n\n\n\n<p><br>Cuesta destac\u00f3 el desarrollo del sector productivo en la localidad y remarc\u00f3 la necesidad de aunar esfuerzos con el Estado y las instituciones para el desarrollo provincial. \u201cComo representantes del pueblo es fundamental recorrer cada rinc\u00f3n de nuestro territorio y ver, de primera mano, que existen muchas chaque\u00f1as y chaque\u00f1os que invierten generando puestos de trabajo\u201d, asever\u00f3.<\/p>\n\n\n\n<p><br>La titular legislativa tambi\u00e9n resalt\u00f3 que es necesario un Chaco de producci\u00f3n y trabajo que progrese a trav\u00e9s del esfuerzo de todos. \u201cEso vamos a fomentar y apoyar desde la Casa de la Democracia\u201d, manifest\u00f3 tras la recorrida.<\/p>\n\n\n\n<p><br>El presidente del interbloque Cambiemos, Carim Peche, resalt\u00f3 que el programa Sesionemos Juntos genera un intercambio virtuoso entre el pueblo y sus representantes. \u201cEl desarrollo y potencial del interior provincial es impresionante; a pesar de la crisis es bueno ver que hay empresas que invierten y generan puestos de trabajo en su localidad\u201d, expres\u00f3. Adem\u00e1s, asegur\u00f3 que \u201ces por esto que salimos a recorrer el Chaco profundo, para interiorizarnos de las necesidades y tratar siempre, en la medida de las posibilidades, de dar respuestas\u201d.<\/p>\n\n\n\n<p><br>Por su parte, la diputada Panzardi asegur\u00f3 que es muy importante interiorizarse de las principales necesidades que tiene Pampa del Infierno y sus productores, as\u00ed como tambi\u00e9n tratar un extenso temario que incluye iniciativas de suma importancia para las y los chaque\u00f1os. \u201cEs para m\u00ed un orgullo formar parte de este programa que nos permite recorrer nuestro Chaco para interpretar cu\u00e1les son las principales necesidades y legislar para resolverlas\u201d, concluy\u00f3.<\/p>\n\n\n\n<p>Gran potencial agroproductivo<br>La intendenta de Pampa del Infierno, Glenda Seifert, felicit\u00f3 a las y los legisladores de los distintos partidos pol\u00edticos que arribaron a la localidad para conocer el potencial productivo de la zona, que genera empleo genuino y directo a muchos compueblanos. \u201cDe esta zona de la provincia sale el 37,1% de la producci\u00f3n primaria del Chaco, lo que demuestra el gran esplendor que tienen los emprendimientos aqu\u00ed instalados\u201d, resalt\u00f3.<\/p>\n\n\n\n<p><br>La jefa comunal destac\u00f3 el potencial agroproductivo del departamento Almirante Brown y agradeci\u00f3 el inter\u00e9s de las y los diputados para continuar trabajando en iniciativas que permitan continuar por la senda del crecimiento. \u201cNecesitamos un parque industrial, as\u00ed como algunas leyes que beneficien al sector agropecuario y fundamentalmente la potenciaci\u00f3n del sector forestal y el ordenamiento del bosque nativo, que es muy fuerte en la regi\u00f3n y en nuestra localidad\u201d, concluy\u00f3 Seifert.<\/p>\n","protected":false},"excerpt":{"rendered":"<p>En la antesala de una nueva sesi\u00f3n itinerante del programa Sesionemos Juntos, la presidenta del Poder Legislativo, Elida Cuesta, visit\u00f3 junto a legisladoras y legisladores de diferentes bloques pol\u00edticos; la intendenta Glenda Seifert; y el cuerpo de concejales, instituciones y emprendimientos productivos de la localidad. La comitiva recorri\u00f3 la planta de semillas Uni\u00f3n Agr\u00edcola Avellaneda, [&hellip;]<\/p>\n","protected":false},"author":1,"featured_media":17117,"comment_status":"closed","ping_status":"closed","sticky":false,"template":"","format":"standard","meta":{"footnotes":""},"categories":[6],"tags":[],"class_list":{"0":"post-17116","1":"post","2":"type-post","3":"status-publish","4":"format-standard","5":"has-post-thumbnail","7":"category-chaco"},"_links":{"self":[{"href":"https:\/\/chacosintesis.com.ar\/index.php\/wp-json\/wp\/v2\/posts\/17116","targetHints":{"allow":["GET"]}}],"collection":[{"href":"https:\/\/chacosintesis.com.ar\/index.php\/wp-json\/wp\/v2\/posts"}],"about":[{"href":"https:\/\/chacosintesis.com.ar\/index.php\/wp-json\/wp\/v2\/types\/post"}],"author":[{"embeddable":true,"href":"https:\/\/chacosintesis.com.ar\/index.php\/wp-json\/wp\/v2\/users\/1"}],"replies":[{"embeddable":true,"href":"https:\/\/chacosintesis.com.ar\/index.php\/wp-json\/wp\/v2\/comments?post=17116"}],"version-history":[{"count":0,"href":"https:\/\/chacosintesis.com.ar\/index.php\/wp-json\/wp\/v2\/posts\/17116\/revisions"}],"wp:featuredmedia":[{"embeddable":true,"href":"https:\/\/chacosintesis.com.ar\/index.php\/wp-json\/wp\/v2\/media\/17117"}],"wp:attachment":[{"href":"https:\/\/chacosintesis.com.ar\/index.php\/wp-json\/wp\/v2\/media?parent=17116"}],"wp:term":[{"taxonomy":"category","embeddable":true,"href":"https:\/\/chacosintesis.com.ar\/index.php\/wp-json\/wp\/v2\/categories?post=17116"},{"taxonomy":"post_tag","embeddable":true,"href":"https:\/\/chacosintesis.com.ar\/index.php\/wp-json\/wp\/v2\/tags?post=17116"}],"curies":[{"name":"wp","href":"https:\/\/api.w.org\/{rel}","templated":true}]}}