{"id":17113,"date":"2022-08-27T12:01:00","date_gmt":"2022-08-27T15:01:00","guid":{"rendered":"https:\/\/chacosintesis.com.ar\/?p=17113"},"modified":"2022-09-08T12:06:24","modified_gmt":"2022-09-08T15:06:24","slug":"moda-arte-e-inclusion-en-el-desfile-show-solidario-de-muchas","status":"publish","type":"post","link":"https:\/\/chacosintesis.com.ar\/index.php\/moda-arte-e-inclusion-en-el-desfile-show-solidario-de-muchas\/","title":{"rendered":"Moda, arte e inclusi\u00f3n en el desfile show solidario de Muchas"},"content":{"rendered":"\n<p>En una tarde familiar e inclusiva, la Fundaci\u00f3n Mujeres Chaque\u00f1as Solidarias (Muchas) llev\u00f3 a cabo, este viernes, un desfile show solidario en el Club Social de Resistencia. El evento cont\u00f3 con el desfile de ni\u00f1as y ni\u00f1os, modelos y arte en vivo y recaud\u00f3 pa\u00f1ales, alimentos no perecederos y leche que ser\u00e1n donados a distintos merenderos de Resistencia.<\/p>\n\n\n\n<p><br>La presidenta de la Fundaci\u00f3n Muchas, Elida Cuesta, agradeci\u00f3 la solidaridad de todas las personas que participaron del evento y remarc\u00f3 que cada aporte desinteresado es un granito de arena para construir una sociedad mejor.\u201d Estamos profundamente agradecidos con las familias, con las modelos, con los artistas, con las marcas y con todos los que nos acompa\u00f1aron. Todo lo que hacemos desde Muchas es para ayudar a los que m\u00e1s necesitan y creo que la solidaridad es la mejor forma de construir una sociedad mejor\u201d, manifest\u00f3.<\/p>\n\n\n\n<p><br>Asimismo, agreg\u00f3 que \u201clo que queremos desde Muchas es inculcar en los m\u00e1s j\u00f3venes el valor de la solidaridad y la igualdad, por eso pensamos que este desfile en el que participaron ni\u00f1as y ni\u00f1os tambi\u00e9n deb\u00eda ser inclusivo para sembrar en ellos estos valores\u201d.<\/p>\n\n\n\n<p><br>Alejandra Giachino asegur\u00f3 que las familias disfrutaron de una hermosa jornada que sirvi\u00f3 para que la solidaridad llegue a los m\u00e1s necesitados. \u201cHoy nos encontramos con mucha gente que tiene ganas de ayudar a los dem\u00e1s e inculcar a las y los ni\u00f1os el valor de ayudar a los dem\u00e1s impulsando siempre la inclusi\u00f3n, porque todos somos parte de esta sociedad\u201d, asever\u00f3.<\/p>\n\n\n\n<p>Crist\u00f3fani: \u201cLa solidaridad es un trabajo en conjunto\u201d<br>Marilyn Crist\u00f3fani destac\u00f3 que cada vez m\u00e1s personas se suman a la solidaridad y esto ayuda a llegar m\u00e1s y mejor a los que m\u00e1s necesitan. \u201cCada colaboraci\u00f3n que se hizo hoy le va a dar un mejor pasar al ni\u00f1o que necesita. Nuestra fundaci\u00f3n siempre busca la solidaridad y entendemos que esto es un trabajo en conjunto\u201d, manifest\u00f3.<\/p>\n\n\n\n<p><br>En tanto Mamacha Massin afirm\u00f3 que la realidad que est\u00e1n pasando muchas familias es muy complicada, por lo que es necesario asistir lo m\u00e1s que se pueda para que a las ni\u00f1as y ni\u00f1os no les falte lo primordial que es la comida. \u201cDuele en el alma la necesidad, sobre todo cuando se trata de ni\u00f1as y ni\u00f1os, por eso hoy nos juntamos entre todos para llevar un poco de ayuda a esos hermanos que nos necesitan\u201d, asegur\u00f3.<\/p>\n\n\n\n<p><br>La Fundaci\u00f3n Mujeres Chaque\u00f1as Solidarias agradece a Irma Monfardini, de La Femme; Cheeky, Grisino, Broern y Lechezucca; Alfredo Blanco, representante de los clubes rotarios; y la escuela de modelos Activa. Adem\u00e1s de Subastarte, Alejandra Giachino, Mirian Acosta; Jos\u00e9 Garnica, de Garnica Kids; Aldana y Eliana, de Pinta Caritas; el Instituto Aswan; Diego Sodja, el municipio de Resistencia, el payaso Pochosky e Iva Blanco Vallejos.<\/p>\n\n\n\n<p>Las y los modelos<br>Con el agradecimiento a las respectivas familias participar\u00f3n Emmita Gamarra, Franco Gonz\u00e1lez Morales, Mar\u00eda Candela L\u00f3pez, Renzo Areco, Ciro Bernachea, Olivia \u00c1lvarez Brites, Martina y Delfina Quinteros Pampliega, Sof\u00eda Viviana Aquino, Nahiara Aymara Vera; N\u00e9stor, Agust\u00edn, Thiago y Agostina Monfardini, Gian Franco y Naomi Geraldine Quintana, Julia V\u00e1zquez Rotundo, Vito Ojeda Benegas, Mia Candia, Patricio Maidana, Ana Sophia y M\u00e1ximo Parra, Benjam\u00edn Mart\u00ednez Ferrazzano, Fabricio Gonz\u00e1lez, Bella Pardo, Naomi Vargas, Reggina Fern\u00e1ndez Carauni, Giussepina Nediani, Mar\u00eda Paulina Ram\u00edrez, Delfina y Berenice Albarr\u00e1n, Chiara Franchesca Tuyar\u00e9 Mart\u00ednez, Camilo, Chavela C\u00e1ceres y Ciro Patricio.<\/p>\n","protected":false},"excerpt":{"rendered":"<p>En una tarde familiar e inclusiva, la Fundaci\u00f3n Mujeres Chaque\u00f1as Solidarias (Muchas) llev\u00f3 a cabo, este viernes, un desfile show solidario en el Club Social de Resistencia. El evento cont\u00f3 con el desfile de ni\u00f1as y ni\u00f1os, modelos y arte en vivo y recaud\u00f3 pa\u00f1ales, alimentos no perecederos y leche que ser\u00e1n donados a distintos [&hellip;]<\/p>\n","protected":false},"author":1,"featured_media":17114,"comment_status":"closed","ping_status":"closed","sticky":false,"template":"","format":"standard","meta":{"footnotes":""},"categories":[6],"tags":[],"class_list":{"0":"post-17113","1":"post","2":"type-post","3":"status-publish","4":"format-standard","5":"has-post-thumbnail","7":"category-chaco"},"_links":{"self":[{"href":"https:\/\/chacosintesis.com.ar\/index.php\/wp-json\/wp\/v2\/posts\/17113","targetHints":{"allow":["GET"]}}],"collection":[{"href":"https:\/\/chacosintesis.com.ar\/index.php\/wp-json\/wp\/v2\/posts"}],"about":[{"href":"https:\/\/chacosintesis.com.ar\/index.php\/wp-json\/wp\/v2\/types\/post"}],"author":[{"embeddable":true,"href":"https:\/\/chacosintesis.com.ar\/index.php\/wp-json\/wp\/v2\/users\/1"}],"replies":[{"embeddable":true,"href":"https:\/\/chacosintesis.com.ar\/index.php\/wp-json\/wp\/v2\/comments?post=17113"}],"version-history":[{"count":0,"href":"https:\/\/chacosintesis.com.ar\/index.php\/wp-json\/wp\/v2\/posts\/17113\/revisions"}],"wp:featuredmedia":[{"embeddable":true,"href":"https:\/\/chacosintesis.com.ar\/index.php\/wp-json\/wp\/v2\/media\/17114"}],"wp:attachment":[{"href":"https:\/\/chacosintesis.com.ar\/index.php\/wp-json\/wp\/v2\/media?parent=17113"}],"wp:term":[{"taxonomy":"category","embeddable":true,"href":"https:\/\/chacosintesis.com.ar\/index.php\/wp-json\/wp\/v2\/categories?post=17113"},{"taxonomy":"post_tag","embeddable":true,"href":"https:\/\/chacosintesis.com.ar\/index.php\/wp-json\/wp\/v2\/tags?post=17113"}],"curies":[{"name":"wp","href":"https:\/\/api.w.org\/{rel}","templated":true}]}}