{"id":17110,"date":"2022-08-25T15:56:00","date_gmt":"2022-08-25T18:56:00","guid":{"rendered":"https:\/\/chacosintesis.com.ar\/?p=17110"},"modified":"2022-09-08T11:58:29","modified_gmt":"2022-09-08T14:58:29","slug":"el-poder-legislativo-vuelve-al-interior-provincial-con-el-programa-sesionemos-juntos-esta-vez-en-pampa-del-infierno","status":"publish","type":"post","link":"https:\/\/chacosintesis.com.ar\/index.php\/el-poder-legislativo-vuelve-al-interior-provincial-con-el-programa-sesionemos-juntos-esta-vez-en-pampa-del-infierno\/","title":{"rendered":"El Poder Legislativo vuelve al interior provincial con el programa Sesionemos Juntos, esta vez en Pampa del Infierno"},"content":{"rendered":"\n<p>Con el objetivo de llegar a cada rinc\u00f3n de la provincia y estar cerca de las y los chaque\u00f1os, el Poder Legislativo retoma el programa Sesionemos Juntos visitando Pampa del Infierno. La Casa de la Democracia llevar\u00e1 a cabo la sesi\u00f3n ordinaria N\u00ba 23 en la Escuela de Educaci\u00f3n Primaria N\u00ba 111 Juan Bautista Ter\u00e1n, ubicada en la calle Reconquista 250, este mi\u00e9rcoles 26 de agosto a las 14.<\/p>\n\n\n\n<p><br>Encabezada por la presidenta Elida Cuesta y acompa\u00f1ada por las y los legisladores de diferentes bloques pol\u00edticos, la agenda legislativa en la localidad comenzar\u00e1 el martes con la visita a lugares emblem\u00e1ticos y recorridas por el sector productivo como ser la desmotadora de algod\u00f3n Agro Servicios SA, frigor\u00edfico caprino Trento Chaque\u00f1o, Pampa Semillas SRL (semillas gen\u00e9ticas) y la planta de acopio Semillas Avellaneda, adem\u00e1s de charlas con las y los vecinos.<\/p>\n\n\n\n<p><br>Cuesta agradeci\u00f3 a las autoridades municipales y al pueblo de Pampa del Infierno por abrir sus brazos y recibir a las y los legisladores. \u201cComo cada visita al interior provincial, estamos con las mejores expectativas y contentos de que cada pueblo de nuestro Chaco nos abra las puertas. Como decimos siempre, como representantes del pueblo debemos estar cerca de cada chaque\u00f1a y cada chaque\u00f1o para conocer las problem\u00e1ticas y legislar en pos resolverlas\u201d, asegur\u00f3.<\/p>\n","protected":false},"excerpt":{"rendered":"<p>Con el objetivo de llegar a cada rinc\u00f3n de la provincia y estar cerca de las y los chaque\u00f1os, el Poder Legislativo retoma el programa Sesionemos Juntos visitando Pampa del Infierno. La Casa de la Democracia llevar\u00e1 a cabo la sesi\u00f3n ordinaria N\u00ba 23 en la Escuela de Educaci\u00f3n Primaria N\u00ba 111 Juan Bautista Ter\u00e1n, [&hellip;]<\/p>\n","protected":false},"author":1,"featured_media":17111,"comment_status":"closed","ping_status":"closed","sticky":false,"template":"","format":"standard","meta":{"footnotes":""},"categories":[6],"tags":[],"class_list":{"0":"post-17110","1":"post","2":"type-post","3":"status-publish","4":"format-standard","5":"has-post-thumbnail","7":"category-chaco"},"_links":{"self":[{"href":"https:\/\/chacosintesis.com.ar\/index.php\/wp-json\/wp\/v2\/posts\/17110","targetHints":{"allow":["GET"]}}],"collection":[{"href":"https:\/\/chacosintesis.com.ar\/index.php\/wp-json\/wp\/v2\/posts"}],"about":[{"href":"https:\/\/chacosintesis.com.ar\/index.php\/wp-json\/wp\/v2\/types\/post"}],"author":[{"embeddable":true,"href":"https:\/\/chacosintesis.com.ar\/index.php\/wp-json\/wp\/v2\/users\/1"}],"replies":[{"embeddable":true,"href":"https:\/\/chacosintesis.com.ar\/index.php\/wp-json\/wp\/v2\/comments?post=17110"}],"version-history":[{"count":0,"href":"https:\/\/chacosintesis.com.ar\/index.php\/wp-json\/wp\/v2\/posts\/17110\/revisions"}],"wp:featuredmedia":[{"embeddable":true,"href":"https:\/\/chacosintesis.com.ar\/index.php\/wp-json\/wp\/v2\/media\/17111"}],"wp:attachment":[{"href":"https:\/\/chacosintesis.com.ar\/index.php\/wp-json\/wp\/v2\/media?parent=17110"}],"wp:term":[{"taxonomy":"category","embeddable":true,"href":"https:\/\/chacosintesis.com.ar\/index.php\/wp-json\/wp\/v2\/categories?post=17110"},{"taxonomy":"post_tag","embeddable":true,"href":"https:\/\/chacosintesis.com.ar\/index.php\/wp-json\/wp\/v2\/tags?post=17110"}],"curies":[{"name":"wp","href":"https:\/\/api.w.org\/{rel}","templated":true}]}}