{"id":17107,"date":"2022-08-24T20:48:00","date_gmt":"2022-08-24T23:48:00","guid":{"rendered":"https:\/\/chacosintesis.com.ar\/?p=17107"},"modified":"2022-09-08T11:55:25","modified_gmt":"2022-09-08T14:55:25","slug":"la-legislatura-sanciono-la-ley-que-regula-el-ejercicio-de-los-tecnicos-superiores-en-ninez-adolescencia-y-familia","status":"publish","type":"post","link":"https:\/\/chacosintesis.com.ar\/index.php\/la-legislatura-sanciono-la-ley-que-regula-el-ejercicio-de-los-tecnicos-superiores-en-ninez-adolescencia-y-familia\/","title":{"rendered":"La Legislatura sancion\u00f3 la ley que regula el ejercicio de los t\u00e9cnicos superiores en Ni\u00f1ez, Adolescencia y Familia"},"content":{"rendered":"\n<p>El Poder Legislativo sancion\u00f3, este mi\u00e9rcoles, la Ley N\u00ba 3665-A que establece la regulaci\u00f3n del ejercicio profesional de los t\u00e9cnicos superiores en Ni\u00f1ez, Adolescencia y Familia. La normativa, impulsada por la presidenta Elida Cuesta y el diputado Hugo Sager, reconoce el ejercicio profesional de la actividad, como as\u00ed tambi\u00e9n establece la creaci\u00f3n de un colegio profesional de la Tecnicatura Superior en Ni\u00f1ez, Adolescencia y Familia y carreras afines en la provincia.<\/p>\n\n\n\n<p><br>Adem\u00e1s, conforme a la presente ley, el t\u00e9cnico en Ni\u00f1ez, Adolescencia y Familia podr\u00e1 ejercer su profesi\u00f3n en forma individual, con otro profesional de igual formaci\u00f3n o a trav\u00e9s de equipos interdisciplinarios; en forma privada o en instituciones que requieran su servicio.<\/p>\n\n\n\n<p><br>Cuesta destac\u00f3 el trabajo de los ahora profesionales en cuanto el cuidado y la protecci\u00f3n de las y los ni\u00f1os, adolescentes y sus familias. \u201cLa verdad que la terea que realizan estos trabajadores, que a partir de hoy son t\u00e9cnicos profesionales, es muy importante para el resguardo de nuestras ni\u00f1as, ni\u00f1os y j\u00f3venes. Sabemos que vienen luchando hace mucho tiempo para que se reconozca su profesi\u00f3n, por lo que es un motivo de orgullo y satisfacci\u00f3n para nosotros aprobar esta normativa que los reivindica\u201d, asegur\u00f3.<\/p>\n\n\n\n<p><br>Adem\u00e1s, la legisladora remarc\u00f3 que esta ley viene a traer justicia a los profesionales que ven\u00edan ejerciendo esta profesi\u00f3n sin matr\u00edcula. \u201cCuando uno legisla de cara al pueblo surgen leyes como esta, que reparan una situaci\u00f3n de injusticia que sufr\u00edan estos profesionales, porque el Ministerio de Educaci\u00f3n hab\u00eda aprobado esta tecnicatura en 2012, pero ellos no pod\u00edan ejercerla porque no estaban regulados ni matriculados. Hoy podemos decir que atendimos esta demanda que nos transmiti\u00f3 un grupo de t\u00e9cnicos en el Sesionemos Juntos de General San Mart\u00edn\u201d, asever\u00f3.<\/p>\n\n\n\n<p>Una Ley que pone en valor la profesi\u00f3n<br>Por su parte, Andrea Fretes, t\u00e9cnica en Ni\u00f1ez, Adolescencia y Familia, agradeci\u00f3 la sanci\u00f3n de la normativa y manifest\u00f3 que es una demanda que se ven\u00eda luchando hace mucho tiempo. \u201cNosotros somos los encargados de proteger a los ni\u00f1os y adolescentes en caso de vulneraci\u00f3n de derechos, acompa\u00f1arlos y articular con los diferentes organismos seg\u00fan requiera la situaci\u00f3n puntual. Por eso estamos profundamente agradecidos con los legisladores y la presidenta Elida Cuesta, porque esta ley reivindica y pone en valor nuestra profesi\u00f3n\u201d, afirm\u00f3 la profesional.<\/p>\n","protected":false},"excerpt":{"rendered":"<p>El Poder Legislativo sancion\u00f3, este mi\u00e9rcoles, la Ley N\u00ba 3665-A que establece la regulaci\u00f3n del ejercicio profesional de los t\u00e9cnicos superiores en Ni\u00f1ez, Adolescencia y Familia. La normativa, impulsada por la presidenta Elida Cuesta y el diputado Hugo Sager, reconoce el ejercicio profesional de la actividad, como as\u00ed tambi\u00e9n establece la creaci\u00f3n de un colegio [&hellip;]<\/p>\n","protected":false},"author":1,"featured_media":17108,"comment_status":"closed","ping_status":"closed","sticky":false,"template":"","format":"standard","meta":{"footnotes":""},"categories":[6],"tags":[],"class_list":{"0":"post-17107","1":"post","2":"type-post","3":"status-publish","4":"format-standard","5":"has-post-thumbnail","7":"category-chaco"},"_links":{"self":[{"href":"https:\/\/chacosintesis.com.ar\/index.php\/wp-json\/wp\/v2\/posts\/17107","targetHints":{"allow":["GET"]}}],"collection":[{"href":"https:\/\/chacosintesis.com.ar\/index.php\/wp-json\/wp\/v2\/posts"}],"about":[{"href":"https:\/\/chacosintesis.com.ar\/index.php\/wp-json\/wp\/v2\/types\/post"}],"author":[{"embeddable":true,"href":"https:\/\/chacosintesis.com.ar\/index.php\/wp-json\/wp\/v2\/users\/1"}],"replies":[{"embeddable":true,"href":"https:\/\/chacosintesis.com.ar\/index.php\/wp-json\/wp\/v2\/comments?post=17107"}],"version-history":[{"count":0,"href":"https:\/\/chacosintesis.com.ar\/index.php\/wp-json\/wp\/v2\/posts\/17107\/revisions"}],"wp:featuredmedia":[{"embeddable":true,"href":"https:\/\/chacosintesis.com.ar\/index.php\/wp-json\/wp\/v2\/media\/17108"}],"wp:attachment":[{"href":"https:\/\/chacosintesis.com.ar\/index.php\/wp-json\/wp\/v2\/media?parent=17107"}],"wp:term":[{"taxonomy":"category","embeddable":true,"href":"https:\/\/chacosintesis.com.ar\/index.php\/wp-json\/wp\/v2\/categories?post=17107"},{"taxonomy":"post_tag","embeddable":true,"href":"https:\/\/chacosintesis.com.ar\/index.php\/wp-json\/wp\/v2\/tags?post=17107"}],"curies":[{"name":"wp","href":"https:\/\/api.w.org\/{rel}","templated":true}]}}