{"id":17101,"date":"2022-08-11T21:38:00","date_gmt":"2022-08-12T00:38:00","guid":{"rendered":"https:\/\/chacosintesis.com.ar\/?p=17101"},"modified":"2022-09-08T11:43:53","modified_gmt":"2022-09-08T14:43:53","slug":"parlamento-del-norte-grande-las-y-los-diputados-chaquenos-participaron-de-las-comisiones-ordinarias-y-permanentes","status":"publish","type":"post","link":"https:\/\/chacosintesis.com.ar\/index.php\/parlamento-del-norte-grande-las-y-los-diputados-chaquenos-participaron-de-las-comisiones-ordinarias-y-permanentes\/","title":{"rendered":"Parlamento del Norte Grande: las y los diputados chaque\u00f1os participaron de las comisiones ordinarias y permanentes"},"content":{"rendered":"\n<p>Con las reuniones de las doce comisiones ordinarias y permanentes en el hotel Altos de la Vi\u00f1a, en San Salvador de Jujuy, comenzaron este jueves las actividades oficiales de la 47a sesi\u00f3n plenaria del Parlamento del Norte Grande, que re\u00fane a 120 parlamentarios de diez provincias del norte argentino. La delegaci\u00f3n chaque\u00f1a, encabezada por la presidenta del Poder Legislativo, Elida Cuesta, particip\u00f3 por primera vez de este evento luego de la hist\u00f3rica integraci\u00f3n firmada en junio con los representantes del Parlamento del NOA.<\/p>\n\n\n\n<p><br>Junto a la titular legislativa chaque\u00f1a tambi\u00e9n participaron de la jornada de trabajo Atlanto Honcheruk, Andrea Charole, Hugo Sager, Jessica Ayala, Rodrigo Ocampo, Zulma Galeano, Gustavo Corradi, Dorys Arkwright, Silvina Canteros Reiser, Sebasti\u00e1n Lazarini y Juan Jos\u00e9 Bergia. Este viernes, a las 9, se llevar\u00e1 adelante la 47a sesi\u00f3n plenaria del Parlamento del Norte Grande, presidida por la vicegobernadora de La Rioja, Florencia L\u00f3pez.<\/p>\n\n\n\n<p><br>\u201cSomos doce legisladores chaque\u00f1os, de distintos partidos pol\u00edticos, que estamos trabajando junto a otros 110 parlamentarios del Norte Grande para lograr una verdadera integraci\u00f3n y generar pol\u00edticas p\u00fablicas para atender demandas comunes para todos y que tanto venimos impulsando desde el Chaco\u201d, manifest\u00f3 Cuesta.<br>La titular de la Legislatura chaque\u00f1a resalt\u00f3 adem\u00e1s la hist\u00f3rica integraci\u00f3n de las provincias del NEA para comenzar a trabajar junto a los pares del resto del norte argentino. \u201cTrajimos 16 proyectos legislativos para trabajarlos con las comisiones permanentes y ver si alguno puede ser aprobado en el plenario\u201d, explic\u00f3.<\/p>\n\n\n\n<p><br>Cuesta tambi\u00e9n destac\u00f3 el federalismo que tiene como bandera este parlamento y expres\u00f3 que es necesario pregonar una participaci\u00f3n de todos. \u201cLas distintas provincias tenemos muchos temas en com\u00fan, por eso venimos a hacer escuchar nuestra voz y la de las y los chaque\u00f1os que representamos\u201d, manifest\u00f3.<\/p>\n\n\n\n<p>Participaci\u00f3n de los distintos bloques pol\u00edticos<\/p>\n\n\n\n<p><br>Honcheruk remarc\u00f3 la importancia de la unidad de las provincias del Norte para un pa\u00eds m\u00e1s federal. &#8220;Las provincias del NEA y el NOA queremos ser escuchadas, tener el mismo tratamiento que las otras provincias del pa\u00eds, por eso las y los legisladores estamos ac\u00e1 presentes para fortalecer el gran trabajo que est\u00e1n haciendo nuestros gobernadores&#8221;, asegur\u00f3.<\/p>\n\n\n\n<p><br>Adem\u00e1s, el presidente del bloque del Frente de Todos afirm\u00f3 que se deben garantizar pol\u00edticas de desarrollo para que los habitantes de estas provincias no emigren a otros lugares.<\/p>\n\n\n\n<p><br>Por su parte, la diputada Ayala remarc\u00f3 que no solo se tratan cuestiones que tienen que ver con el cuidado del ambiente. &#8220;La integraci\u00f3n de pol\u00edticas p\u00fablicas es fundamental no solo para el desarrollo, sino tambi\u00e9n para el cuidado del medio ambiente, y esto tiene que ver con el cambio clim\u00e1tico, adem\u00e1s del manejo de incendios&#8221;, manifest\u00f3.<br>En tanto Corradi destac\u00f3 la participaci\u00f3n del Poder Legislativo del Chaco en el hist\u00f3rico plenario del Parlamento del Norte Grande y consider\u00f3 muy satisfactorio el trabajo en comisiones con parlamentarios de otras nueves provincias. \u201cHemos concretado varios despachos de proyectos interesantes que podr\u00edan ser aprobados este viernes y que beneficiar\u00e1n a toda la regi\u00f3n\u201d, agreg\u00f3.<\/p>\n\n\n\n<p><br>\u201cLa verdad que tenemos mucho optimismo y entusiasmo de formar parte de este parlamento, ya que gracias a esta mirada que tenemos los legisladores del interior hacia el centralismo podremos continuar luchando por el bien com\u00fan del Norte Grande\u201d, asever\u00f3.<\/p>\n\n\n\n<p><br>Por \u00faltimo, Galeano destac\u00f3 la organizaci\u00f3n de este encuentro y asegur\u00f3 que se presentaron varias propuestas de todas las provincias participantes. \u201cTrabajamos en comisiones para lograr las conclusiones de todos los temas. Creo que la unidad de las provincias del norte va a facilitar los instrumentos necesarios para el desarrollo de todos por igual\u201d, finaliz\u00f3 la legisladora.<\/p>\n","protected":false},"excerpt":{"rendered":"<p>Con las reuniones de las doce comisiones ordinarias y permanentes en el hotel Altos de la Vi\u00f1a, en San Salvador de Jujuy, comenzaron este jueves las actividades oficiales de la 47a sesi\u00f3n plenaria del Parlamento del Norte Grande, que re\u00fane a 120 parlamentarios de diez provincias del norte argentino. La delegaci\u00f3n chaque\u00f1a, encabezada por la [&hellip;]<\/p>\n","protected":false},"author":1,"featured_media":17102,"comment_status":"closed","ping_status":"closed","sticky":false,"template":"","format":"standard","meta":{"footnotes":""},"categories":[6],"tags":[],"class_list":{"0":"post-17101","1":"post","2":"type-post","3":"status-publish","4":"format-standard","5":"has-post-thumbnail","7":"category-chaco"},"_links":{"self":[{"href":"https:\/\/chacosintesis.com.ar\/index.php\/wp-json\/wp\/v2\/posts\/17101","targetHints":{"allow":["GET"]}}],"collection":[{"href":"https:\/\/chacosintesis.com.ar\/index.php\/wp-json\/wp\/v2\/posts"}],"about":[{"href":"https:\/\/chacosintesis.com.ar\/index.php\/wp-json\/wp\/v2\/types\/post"}],"author":[{"embeddable":true,"href":"https:\/\/chacosintesis.com.ar\/index.php\/wp-json\/wp\/v2\/users\/1"}],"replies":[{"embeddable":true,"href":"https:\/\/chacosintesis.com.ar\/index.php\/wp-json\/wp\/v2\/comments?post=17101"}],"version-history":[{"count":0,"href":"https:\/\/chacosintesis.com.ar\/index.php\/wp-json\/wp\/v2\/posts\/17101\/revisions"}],"wp:featuredmedia":[{"embeddable":true,"href":"https:\/\/chacosintesis.com.ar\/index.php\/wp-json\/wp\/v2\/media\/17102"}],"wp:attachment":[{"href":"https:\/\/chacosintesis.com.ar\/index.php\/wp-json\/wp\/v2\/media?parent=17101"}],"wp:term":[{"taxonomy":"category","embeddable":true,"href":"https:\/\/chacosintesis.com.ar\/index.php\/wp-json\/wp\/v2\/categories?post=17101"},{"taxonomy":"post_tag","embeddable":true,"href":"https:\/\/chacosintesis.com.ar\/index.php\/wp-json\/wp\/v2\/tags?post=17101"}],"curies":[{"name":"wp","href":"https:\/\/api.w.org\/{rel}","templated":true}]}}