{"id":17098,"date":"2022-08-11T11:29:00","date_gmt":"2022-08-11T14:29:00","guid":{"rendered":"https:\/\/chacosintesis.com.ar\/?p=17098"},"modified":"2022-09-08T11:38:04","modified_gmt":"2022-09-08T14:38:04","slug":"con-una-recorrida-por-la-casa-de-gobierno-y-la-legislatura-provincial-comenzaron-las-actividades-protocolares-en-jujuy","status":"publish","type":"post","link":"https:\/\/chacosintesis.com.ar\/index.php\/con-una-recorrida-por-la-casa-de-gobierno-y-la-legislatura-provincial-comenzaron-las-actividades-protocolares-en-jujuy\/","title":{"rendered":"Con una recorrida por la Casa de Gobierno y la Legislatura provincial, comenzaron las actividades protocolares en Jujuy"},"content":{"rendered":"\n<p>Legisladoras y legisladores chaque\u00f1os comenzaron este mi\u00e9rcoles con las actividades oficiales en San Salvador de Jujuy, en el marco del primer plenario del Parlamento del Norte Grande que se realizar\u00e1 este jueves y viernes en la provincia norte\u00f1a. La comitiva chaque\u00f1a visit\u00f3 el Palacio Legislativo juje\u00f1o y luego recorri\u00f3 el templo en donde se conserva la primera Bandera Nacional de la Libertad Civil creada por Manuel Belgrano en 1813.<\/p>\n\n\n\n<p><br>La presidenta Elida Cuesta, junto a Andrea Charole, Silvina Canteros Reiser, Jessica Ayala, Zulma Galeano y Dorys Arkwright, fueron recibidas en la Legislatura de Jujuy por las y los diputados provinciales Rub\u00e9n Rivarola (vicepresidente primero), Fernando Posadas y Daniela V\u00e9lez; como as\u00ed tambi\u00e9n por el secretario parlamentario Javier Olivera Rodr\u00edguez. Tras recorrer las instalaciones, intercambiaron opiniones y estrecharon lazos con sus pares norte\u00f1os.<\/p>\n\n\n\n<p><br>Posteriormente, con el acompa\u00f1amiento de los diputados provinciales Atlanto Honcheruk y Juan Carlos Ayala, la comitiva chaque\u00f1a visit\u00f3 la Casa de Gobierno, lugar en donde desde 1927 se resguarda la Bandera Nacional de la Libertad Civil, creada por Manuel Belgrano en 1813, que fuera entregada al pueblo juje\u00f1o como obsequio por el honor y el valor demostrados en las batallas de Tucum\u00e1n y de Salta.<\/p>\n\n\n\n<p><br>\u201cEste s\u00edmbolo patrio representa el estado de derecho y la expresi\u00f3n de soberan\u00eda y fue obsequiada por Belgrano al heroico pueblo juje\u00f1o por su papel fundamental en el proceso revolucionario con el que se logr\u00f3 la independencia de la Patria\u201d, asever\u00f3 Cuesta tras la visita.<\/p>\n","protected":false},"excerpt":{"rendered":"<p>Legisladoras y legisladores chaque\u00f1os comenzaron este mi\u00e9rcoles con las actividades oficiales en San Salvador de Jujuy, en el marco del primer plenario del Parlamento del Norte Grande que se realizar\u00e1 este jueves y viernes en la provincia norte\u00f1a. La comitiva chaque\u00f1a visit\u00f3 el Palacio Legislativo juje\u00f1o y luego recorri\u00f3 el templo en donde se conserva [&hellip;]<\/p>\n","protected":false},"author":1,"featured_media":17099,"comment_status":"closed","ping_status":"closed","sticky":false,"template":"","format":"standard","meta":{"footnotes":""},"categories":[6],"tags":[],"class_list":{"0":"post-17098","1":"post","2":"type-post","3":"status-publish","4":"format-standard","5":"has-post-thumbnail","7":"category-chaco"},"_links":{"self":[{"href":"https:\/\/chacosintesis.com.ar\/index.php\/wp-json\/wp\/v2\/posts\/17098","targetHints":{"allow":["GET"]}}],"collection":[{"href":"https:\/\/chacosintesis.com.ar\/index.php\/wp-json\/wp\/v2\/posts"}],"about":[{"href":"https:\/\/chacosintesis.com.ar\/index.php\/wp-json\/wp\/v2\/types\/post"}],"author":[{"embeddable":true,"href":"https:\/\/chacosintesis.com.ar\/index.php\/wp-json\/wp\/v2\/users\/1"}],"replies":[{"embeddable":true,"href":"https:\/\/chacosintesis.com.ar\/index.php\/wp-json\/wp\/v2\/comments?post=17098"}],"version-history":[{"count":0,"href":"https:\/\/chacosintesis.com.ar\/index.php\/wp-json\/wp\/v2\/posts\/17098\/revisions"}],"wp:featuredmedia":[{"embeddable":true,"href":"https:\/\/chacosintesis.com.ar\/index.php\/wp-json\/wp\/v2\/media\/17099"}],"wp:attachment":[{"href":"https:\/\/chacosintesis.com.ar\/index.php\/wp-json\/wp\/v2\/media?parent=17098"}],"wp:term":[{"taxonomy":"category","embeddable":true,"href":"https:\/\/chacosintesis.com.ar\/index.php\/wp-json\/wp\/v2\/categories?post=17098"},{"taxonomy":"post_tag","embeddable":true,"href":"https:\/\/chacosintesis.com.ar\/index.php\/wp-json\/wp\/v2\/tags?post=17098"}],"curies":[{"name":"wp","href":"https:\/\/api.w.org\/{rel}","templated":true}]}}