{"id":17089,"date":"2022-09-08T09:23:56","date_gmt":"2022-09-08T12:23:56","guid":{"rendered":"https:\/\/chacosintesis.com.ar\/?p=17089"},"modified":"2022-09-08T09:36:49","modified_gmt":"2022-09-08T12:36:49","slug":"como-una-gran-vidriera-el-norte-grande-muestra-al-pais-su-enorme-potencial-de-desarrollo","status":"publish","type":"post","link":"https:\/\/chacosintesis.com.ar\/index.php\/como-una-gran-vidriera-el-norte-grande-muestra-al-pais-su-enorme-potencial-de-desarrollo\/","title":{"rendered":"Como una gran vidriera, el Norte Grande muestra al pa\u00eds su enorme potencial de desarrollo"},"content":{"rendered":"<p>Actividades industriales, de turismo, culturales y gastronom\u00eda conforman el coraz\u00f3n de esta primera edici\u00f3n de la Expo que tiene al Chaco como sede. Habr\u00e1 m\u00e1s de 500 expositores, entre pymes, entidades y emprendedores. Todas las propuestas en un gran predio de 32.000 metros cuadrados, con acceso libre y gratuito para todo p\u00fablico desde las 16 y hasta las cero.<\/p>\n<p>Las diez provincias norte\u00f1as, a trav\u00e9s de 500 expositores y m\u00faltiples propuestas culturales, mostrar\u00e1n al pa\u00eds el potencial a trav\u00e9s de sus industrias, de la gastronom\u00eda, del turismo y de la cultura, cuando este jueves 8 de septiembre abra oficialmente sus puestas la Primera Expo Norte Grande, en el predio de 32.000 metros cuadrados de superficie cubierta y al aire libre del Centro de Convenciones Gala, en Resistencia.<br \/>\n\u201cComo provincia, estamos orgullosos de recibir a todos nuestros colegas del Norte Grande argentino, porque todos formamos parte de esta gran familia norte\u00f1a, argentina y productiva\u201d, dijo el gobernador Jorge Capitanich durante una recorrida por el predio realizada en los \u00faltimos d\u00edas, mientras se instalaban stands y otras estructuras para expositores.<br \/>\nHasta el domingo 11 de septiembre, las propuestas ser\u00e1n m\u00faltiples, para todos los gustos y edades: habr\u00e1 rondas de negocios, foro de las culturas, congreso de emprendedores, jornadas de turismo de integraci\u00f3n y actividades culturales con m\u00e1s de 100 artistas en escena. El acceso libre y gratuito para todo el p\u00fablico ser\u00e1, en cada una de las cuatro jornadas, desde las 16 y hasta las cero.<br \/>\n\u201cTendremos desde la ruta gastron\u00f3mica del Norte Grande argentino hasta sus industrias, el comercio y stands institucionales donde cada provincia exhibir\u00e1 sus potencialidades, adem\u00e1s de eventos culturales\u201d, enumer\u00f3 el mandatario chaque\u00f1o.<br \/>\n Participar\u00e1n pymes, emprendedores, c\u00e1maras y asociaciones como parte de esta muestra empresarial, industrial, tur\u00edstica, cultural y gastron\u00f3mica impulsada y organizada por las diez provincias: Chaco, Catamarca, Corrientes, Formosa, Jujuy, La Rioja, Misiones, Salta, Santiago del Estero y Tucum\u00e1n.<br \/>\n\u201cQueremos hacer del Norte Grande nuestra tierra de identidad. En esta regi\u00f3n se fund\u00f3 nuestra Patria, el Norte Grande luch\u00f3 por la libertad. Por eso tambi\u00e9n hoy luchamos por un desarrollo productivo con generaci\u00f3n de empleo\u201d, expuso Capitanich. As\u00ed, repas\u00f3 las potencialidades colectivas de esta gran regi\u00f3n que posee litio, oro, gas, petr\u00f3leo, girasol y miel, algod\u00f3n y extracto de quebracho. \u201cLa diversidad es tambi\u00e9n biodiversidad porque tenemos reservas de agua dulce\u201d, agreg\u00f3.<br \/>\nAdem\u00e1s de un programa que tiene en cada jornada propuestas en todos los rubros que son la esencia de la Expo, antes de la apertura oficial, el jueves por la ma\u00f1ana se realizar\u00e1 la 13\u00b0 asamblea de gobernadores del Norte Grande, donde los mandatarios abordar\u00e1n la agenda energ\u00e9tica y el plan de conectividad, entre otros por los cuales las provincias vienen gestionando ante la Naci\u00f3n.<br \/>\nAl margen de empresas y entidades que expondr\u00e1n, cada provincia contar\u00e1 con stands individuales institucionales gubernamentales, tur\u00edsticos, culturales, industriales y productivos.<\/p>\n<p>Orgullo chaque\u00f1o<\/p>\n<p>\u201cDesde este jueves el Norte argentino se exhibir\u00e1 como nunca antes frente al resto del pa\u00eds\u201d, sostuvo el ministro de Producci\u00f3n, Industria y Empleo del Chaco, Sebasti\u00e1n Lifton, marcando as\u00ed la expectativa en torno a esta primera edici\u00f3n del gran evento.<br \/>\nCon tareas que se intensificaron en los \u00faltimos d\u00edas, todos los stands y espacios ubicados dentro del Centro de Convenciones ya se disponen para la apertura de ma\u00f1ana. \u201cEs un verdadero orgullo para el Chaco ser los primeros anfitriones de una muestra tan relevante y que configurar\u00e1 un avance significativo para la integraci\u00f3n de todo el norte argentino\u201d, afirm\u00f3 el funcionario.<\/p>\n<p> \u201cCon este tipo de eventos se busca dinamizar la econom\u00eda local a partir de lo que el turismo de reuniones es capaz de generar en una ciudad como Resistencia\u201d, dijo el presidente del Instituto de Turismo del Chaco, Ariel Ybarra, y resalt\u00f3: \u201cSomos un destino que est\u00e1 preparado para este tipo de acontecimientos, no solamente por el hecho de contar con un gran Centro de Convenciones, sino tambi\u00e9n con la posibilidad de visibilizar la oferta hotelera y gastron\u00f3mica que va a estar a pleno durante estas jornadas\u201d.<\/p>\n<p>El programa completo<br \/>\n El programa oficial de actividades comenzar\u00e1 el jueves a las 10 con la reuni\u00f3n de Consejo Regional del Norte Grande que integran los gobernadores. Luego, a las 11.30 ser\u00e1 la inauguraci\u00f3n oficial de la Expo Norte Grande, donde participar\u00e1n mandatarios provinciales e intendentes de las diez provincias. Y a las 12 est\u00e1 prevista una conferencia de prensa.<br \/>\nEl Primer Foro de las Culturas del Norte Grande comenzar\u00e1 a las 13, en la Sala 4 del Centro de Convenciones. La apertura estar\u00e1 a cargo de Francisco Romero (Instituto de Cultura del Chaco), Patricia Herrera (Ente Cultural NOA) y Lucrecia Cardoso (Consejo Federal de Cultura).<br \/>\nEn ese marco habr\u00e1 un Plenario de Autoridades de Cultura, con el siguiente temario:<br \/>\n\u2022 Funcionamiento colegiado del Espacio Cultural del Norte Grande<br \/>\n\u2022 Agenda Corredor del Norte Grande. Postas y proyectos integradores.<br \/>\n\u2022 Mecanismos de aportes financieros.<br \/>\n\u2022 Ideario desde el Norte Grande de un proyecto cultural federal.<br \/>\nLuego, a las 15, se abrir\u00e1 el debate en comisiones de forma simult\u00e1nea:<br \/>\n\u2022 Comisi\u00f3n 1: Puesta en valor de nuestros patrimonios integrales en el marco del corredor patrimonial del Norte Grande. Propuestas.<br \/>\n\u2022 Comisi\u00f3n 2: Industrias culturales, diversidad cultural y de lenguajes art\u00edsticos, propuestas de intercambios inter Norte Grande.<br \/>\nPor \u00faltimo, a las 17.30 tendr\u00e1 lugar un espacio para la elaboraci\u00f3n de documentos.<br \/>\nEn el ep\u00edlogo de la jornada inaugural, a las 18 se anuncia la apertura de Escenarios Culturales del Norte Grande con la presentaci\u00f3n de la Orquesta Folcl\u00f3rica de la Provincia de Misiones, Demi y Graciela Carabajal (Santiago del Estero), Luna Payesera (Formosa), Nancy Pedro Grupo (Tucum\u00e1n), Lucas Segovia Grupo (Chaco) en un homenaje a Zitto Segovia.<br \/>\n El viernes, segunda jornada de la Expo Norte Grande, habr\u00e1 m\u00e1s actividades del Primer Foro de las Culturas del Norte Grande (en la Sala 4). Desde las 9, en forma conjunta entre todos los participantes de las dos comisiones, se compartir\u00e1n las ideas trabajadas el d\u00eda anterior y se elaborarar\u00e1n documentos finales.<br \/>\nEn tanto, desde las 8, comenzar\u00e1 la Primera Jornada de Turismo e Integraci\u00f3n del Norte Grande con las siguientes disertaciones:<br \/>\n8.30: Ismael Briasco: Transformaci\u00f3n en la incomodidad. Sof\u00eda Geyer: La nueva innovaci\u00f3n.<br \/>\n9.00: Manuel Sbdar: Tu emprendimiento puede ser rentable y perdurar en el tiempo.<br \/>\n10.15: Acto de Apertura con la presencia del gobernador Jorge Capitanich y entidades del sector privado.<br \/>\n11.15: Santiago Gonz\u00e1lez: Turismo de Reuniones. La Industria MICE y la convergencia de industrias para el desarrollo de destinos.<br \/>\n12.15: Cacho Vigil: El viaje de un equipo hacia un crecimiento infinito.<br \/>\n14.30: Ismael Briasco: Transformaci\u00f3n digital y trabajo colaborativo e integrativo.<br \/>\n15.00: Sof\u00eda Geyer: Innovaci\u00f3n y Creatividad: Habilidades claves para construir el futuro.<br \/>\n15.30: Dami\u00e1n Kuc &#8211; Marisi L\u00f3pez: Rewilding y Turismo de Naturaleza. Siguiendo la historia del yaguaret\u00e9 en Iber\u00e1 y El Impenetrable.<br \/>\n16.45: Claudina Gonz\u00e1lez: Identificaci\u00f3n de oportunidades y lineamientos para el dise\u00f1o de rutas tur\u00edsticas.<br \/>\n17.30: Patricia Molina &#8211; Micaela Tommasini: Triple impacto. Sello CAME. Negocios con impacto positivo: el desaf\u00edo de construir un futuro sostenible.<br \/>\nEn esta jornada, a las 18, ser\u00e1 tiempo de Escenarios culturales del Norte Grande con las siguientes propuestas: Ronda de Poes\u00edas del Norte Grande, Coro Qom Chelaalap\u00ed (Chaco), a las 19.15; Alejandro Rold\u00e1n Grupo (La Rioja), a las 20; Jorgelina Espindola y Grupo (Corrientes), a las 20.45; A\u00f1awita (Jujuy), a las 21.15; y Tuc\u00e1n y Chaya (Salta), a las 22.<br \/>\nEl s\u00e1bado 10 de septiembre, las actividades comenzar\u00e1n a las 17:30 con m\u00e1s propuestas de Escenarios Culturales del Norte Grande. La apertura estar\u00e1 a cargo de Capit\u00e1n Teuco; a las 18:30 Gianella Niwoyda y Grupo (Corrientes); a las 19.15 Alan Guill\u00e9n Cuarteto; a las 20:00 Lucas Piedras Grupo (Catamarca) y a las 21:00 Guaynas Por\u00e1 (Chaco).<br \/>\nPara el cierre de la Expo, el domingo 11 de septiembre, a las 17 abrir\u00e1n los Escenarios culturales del Norte Grande con circo y actividades infantiles; a las 19 habr\u00e1 una exhibici\u00f3n de Mauri Flow y Ceci, y a las 19:30, una exhibici\u00f3n de Rapeale y Break Dance.<\/p>\n","protected":false},"excerpt":{"rendered":"<p>Actividades industriales, de turismo, culturales y gastronom\u00eda conforman el coraz\u00f3n de esta primera edici\u00f3n de la Expo que tiene al Chaco como sede. Habr\u00e1 m\u00e1s de 500 expositores, entre pymes, entidades y emprendedores. Todas las propuestas en un gran predio de 32.000 metros cuadrados, con acceso libre y gratuito para todo p\u00fablico desde las 16 [&hellip;]<\/p>\n","protected":false},"author":1,"featured_media":17090,"comment_status":"closed","ping_status":"closed","sticky":false,"template":"","format":"standard","meta":{"footnotes":""},"categories":[6],"tags":[],"class_list":{"0":"post-17089","1":"post","2":"type-post","3":"status-publish","4":"format-standard","5":"has-post-thumbnail","7":"category-chaco"},"_links":{"self":[{"href":"https:\/\/chacosintesis.com.ar\/index.php\/wp-json\/wp\/v2\/posts\/17089","targetHints":{"allow":["GET"]}}],"collection":[{"href":"https:\/\/chacosintesis.com.ar\/index.php\/wp-json\/wp\/v2\/posts"}],"about":[{"href":"https:\/\/chacosintesis.com.ar\/index.php\/wp-json\/wp\/v2\/types\/post"}],"author":[{"embeddable":true,"href":"https:\/\/chacosintesis.com.ar\/index.php\/wp-json\/wp\/v2\/users\/1"}],"replies":[{"embeddable":true,"href":"https:\/\/chacosintesis.com.ar\/index.php\/wp-json\/wp\/v2\/comments?post=17089"}],"version-history":[{"count":0,"href":"https:\/\/chacosintesis.com.ar\/index.php\/wp-json\/wp\/v2\/posts\/17089\/revisions"}],"wp:featuredmedia":[{"embeddable":true,"href":"https:\/\/chacosintesis.com.ar\/index.php\/wp-json\/wp\/v2\/media\/17090"}],"wp:attachment":[{"href":"https:\/\/chacosintesis.com.ar\/index.php\/wp-json\/wp\/v2\/media?parent=17089"}],"wp:term":[{"taxonomy":"category","embeddable":true,"href":"https:\/\/chacosintesis.com.ar\/index.php\/wp-json\/wp\/v2\/categories?post=17089"},{"taxonomy":"post_tag","embeddable":true,"href":"https:\/\/chacosintesis.com.ar\/index.php\/wp-json\/wp\/v2\/tags?post=17089"}],"curies":[{"name":"wp","href":"https:\/\/api.w.org\/{rel}","templated":true}]}}