{"id":17087,"date":"2022-09-08T09:20:29","date_gmt":"2022-09-08T12:20:29","guid":{"rendered":"https:\/\/chacosintesis.com.ar\/?p=17087"},"modified":"2022-09-08T09:36:49","modified_gmt":"2022-09-08T12:36:49","slug":"se-elevo-a-juicio-el-terrible-doble-homicidio-de-saenz-pena-en-el-que-hay-detenidas-5-personas","status":"publish","type":"post","link":"https:\/\/chacosintesis.com.ar\/index.php\/se-elevo-a-juicio-el-terrible-doble-homicidio-de-saenz-pena-en-el-que-hay-detenidas-5-personas\/","title":{"rendered":"Se elev\u00f3 a juicio el terrible doble homicidio de S\u00e1enz Pe\u00f1a en el que hay detenidas 5 personas"},"content":{"rendered":"<p>Los salvajes asesinatos se concretaron en el mes de junio. Por el primer crimen hay un menor detenido y por el segundo, cuatro sospechosos que habr\u00edan actuado &#8220;por venganza&#8221; est\u00e1n privados de su libertad.<\/p>\n<p>El fiscal Marcelo Soto, a cargo de la Fiscal\u00eda Penal N\u00b03, elev\u00f3 a juicio la causa por el doble homicidio del barrio Santa M\u00f3nica, hecho ocurrido el pasado mes de junio<br \/>\nLas muertes se produjeron luego de un primer enfrentamiento entre dos personas: un hombre de 36 a\u00f1os, Luis Pereyra y un menor de 17. Como consecuencia de ese ataque a golpes, Pereyra falleci\u00f3 cuando lleg\u00f3 al Hospital 4 de Junio y el menor, identificado como A.E.R, fue detenido.<br \/>\n Como represalia a esa muerte, vecinos del lugar atacaron salvajemente a Gustavo Rufino, padre del menor que atac\u00f3 a Pereyra, prendieron fuego su vivienda y el recibi\u00f3 innumerables golpes en distintas partes del cuerpo hasta provocarle la muerte. Posteriormente lo arrastraron a la calle, lo prendieron fuego y apu\u00f1alaron.<br \/>\nPor este \u00faltimo hecho hay cuatro personas detenidas, quienes estuvieron cuatro d\u00edas pr\u00f3fugas y luego se presentaron en la ciudad de Resistencia, para finalmente ser trasladadas a S\u00e1enz Pe\u00f1a.<br \/>\n Antes de que el fiscal les dictara la prisi\u00f3n preventiva a los cuatro detenidos hubo una modificaci\u00f3n y adecuaci\u00f3n de los hechos e imputaciones. En tal sentido se les indilg\u00f3 adem\u00e1s del homicidio, la figura de da\u00f1o y lesiones respecto a otras personas que tambi\u00e9n habr\u00edan resultado victimas de ese hecho.<br \/>\nLas cuatro personas sospechadas de dar muerte a Rufino se presentaron ante la Justicia y le imputaron el delito de &#8220;Homicidio doblemente calificado por alevos\u00eda y premeditado de dos o m\u00e1s persona todo en concurso real&#8221; y ahora tambi\u00e9n el delito por &#8220;da\u00f1os y lesiones&#8221;.<br \/>\nEs probable, dijo el fiscal Marcelo Soto, que este caso sea juzgado en los pr\u00f3ximos meses por un Jurado Popular, ya que pr\u00f3ximamente la Segunda Circunscripci\u00f3n de S\u00e1enz Pe\u00f1a implementar\u00e1 este nuevo sistema de juzgamiento.<br \/>\nEL HECHO<br \/>\nEl fiscal sostiene que el domingo Rufino junto con su hijo -el cual est\u00e1 aprehendido- agredieron a Pereyra en cercan\u00edas de su domicilio y lo dejaron tendido en el piso, producto de esas agresiones, con muchos golpes, sobre todo en la parte del cr\u00e1neo, falleci\u00f3. Fue llevado al hospital, pero ya hab\u00eda llegado sin vida.<br \/>\n&#8220;Horas m\u00e1s tarde se agrupan familiares de Pereyra, amigos y vecinos y atacaron el domicilio de Rufino con las consecuencias ya conocidas. Le queman la vivienda, lo agreden con golpes en distintas partes del cuerpo y le provocan la muerte, despu\u00e9s prenden fuego el cuerpo de Rufino&#8221;, mencion\u00f3.<\/p>\n<p>El abogado Daniel Burlli asumir\u00eda como querellante por parte de la familia del fallecido Luis Pereyra.<\/p>\n<p> DIARIO CHACO.-<\/p>\n","protected":false},"excerpt":{"rendered":"<p>Los salvajes asesinatos se concretaron en el mes de junio. Por el primer crimen hay un menor detenido y por el segundo, cuatro sospechosos que habr\u00edan actuado &#8220;por venganza&#8221; est\u00e1n privados de su libertad. El fiscal Marcelo Soto, a cargo de la Fiscal\u00eda Penal N\u00b03, elev\u00f3 a juicio la causa por el doble homicidio del [&hellip;]<\/p>\n","protected":false},"author":1,"featured_media":17088,"comment_status":"closed","ping_status":"closed","sticky":false,"template":"","format":"standard","meta":{"footnotes":""},"categories":[6],"tags":[197],"class_list":{"0":"post-17087","1":"post","2":"type-post","3":"status-publish","4":"format-standard","5":"has-post-thumbnail","7":"category-chaco","8":"tag-destacada"},"_links":{"self":[{"href":"https:\/\/chacosintesis.com.ar\/index.php\/wp-json\/wp\/v2\/posts\/17087","targetHints":{"allow":["GET"]}}],"collection":[{"href":"https:\/\/chacosintesis.com.ar\/index.php\/wp-json\/wp\/v2\/posts"}],"about":[{"href":"https:\/\/chacosintesis.com.ar\/index.php\/wp-json\/wp\/v2\/types\/post"}],"author":[{"embeddable":true,"href":"https:\/\/chacosintesis.com.ar\/index.php\/wp-json\/wp\/v2\/users\/1"}],"replies":[{"embeddable":true,"href":"https:\/\/chacosintesis.com.ar\/index.php\/wp-json\/wp\/v2\/comments?post=17087"}],"version-history":[{"count":0,"href":"https:\/\/chacosintesis.com.ar\/index.php\/wp-json\/wp\/v2\/posts\/17087\/revisions"}],"wp:featuredmedia":[{"embeddable":true,"href":"https:\/\/chacosintesis.com.ar\/index.php\/wp-json\/wp\/v2\/media\/17088"}],"wp:attachment":[{"href":"https:\/\/chacosintesis.com.ar\/index.php\/wp-json\/wp\/v2\/media?parent=17087"}],"wp:term":[{"taxonomy":"category","embeddable":true,"href":"https:\/\/chacosintesis.com.ar\/index.php\/wp-json\/wp\/v2\/categories?post=17087"},{"taxonomy":"post_tag","embeddable":true,"href":"https:\/\/chacosintesis.com.ar\/index.php\/wp-json\/wp\/v2\/tags?post=17087"}],"curies":[{"name":"wp","href":"https:\/\/api.w.org\/{rel}","templated":true}]}}