{"id":17085,"date":"2022-09-08T09:07:56","date_gmt":"2022-09-08T12:07:56","guid":{"rendered":"https:\/\/chacosintesis.com.ar\/?p=17085"},"modified":"2022-09-08T09:36:48","modified_gmt":"2022-09-08T12:36:48","slug":"detuvieron-a-un-hombre-por-disparar-a-su-perro-con-un-rifle-de-aire-comprimido","status":"publish","type":"post","link":"https:\/\/chacosintesis.com.ar\/index.php\/detuvieron-a-un-hombre-por-disparar-a-su-perro-con-un-rifle-de-aire-comprimido\/","title":{"rendered":"Detuvieron a un hombre por disparar a su perro con un rifle de aire comprimido"},"content":{"rendered":"<p>El violento episodio tuvo lugar este mi\u00e9rcoles en Coronel Du Graty sobre la exruta nacional N\u00b095, en el Sur de esta localidad. Por el hecho la polic\u00eda detuvo a un sujeto que con un aire comprimido habr\u00eda disparado contra su propia mascota, un perro que result\u00f3 lesionado de gravedad.<\/p>\n<p>De acuerdo al informe policial &#8220;en hora 13.20 se tom\u00f3 conocimiento v\u00eda telef\u00f3nica de un canino herido por un disparo de aire comprimido, siendo el agresor su due\u00f1o un masculino de 65 a\u00f1os. Constituida la prevenci\u00f3n en el lugar se constat\u00f3 la veracidad informada hall\u00e1ndose mal herido al animal&#8221;.<br \/>\nEl can damnificado es un mestizo, hembra, de pelaje negro con marr\u00f3n. El agresor es un hombre de 65 a\u00f1os, que reconoci\u00f3 haber herido a su mascota con el aire comprimido el cual pose\u00eda en sus manos.<\/p>\n<p>&#8220;Tras identificar al autor de la agresi\u00f3n al animal, se lo condujo a la unidad policial por orden del magistrado actuante. Asimismo, se incaut\u00f3 un aire comprimido calibre 5.5 de marca Castor, de color marr\u00f3n y se la traslad\u00f3 a la perra una veterinaria para su atenci\u00f3n&#8221;, indicaron a NORTE.<br \/>\nEl detenido es acusado por &#8220;supuesta infracci\u00f3n a la Ley Nacional N\u00b014.346 y a la Ley Provincial N\u00b0 7473&#8221;,  que establece penas para las personas que maltraten o hagan v\u00edctimas de actos de crueldad a los animales.<\/p>\n<p>DIARIO NORTE.-<\/p>\n","protected":false},"excerpt":{"rendered":"<p>El violento episodio tuvo lugar este mi\u00e9rcoles en Coronel Du Graty sobre la exruta nacional N\u00b095, en el Sur de esta localidad. Por el hecho la polic\u00eda detuvo a un sujeto que con un aire comprimido habr\u00eda disparado contra su propia mascota, un perro que result\u00f3 lesionado de gravedad. De acuerdo al informe policial &#8220;en [&hellip;]<\/p>\n","protected":false},"author":1,"featured_media":17086,"comment_status":"closed","ping_status":"closed","sticky":false,"template":"","format":"standard","meta":{"footnotes":""},"categories":[6],"tags":[],"class_list":{"0":"post-17085","1":"post","2":"type-post","3":"status-publish","4":"format-standard","5":"has-post-thumbnail","7":"category-chaco"},"_links":{"self":[{"href":"https:\/\/chacosintesis.com.ar\/index.php\/wp-json\/wp\/v2\/posts\/17085","targetHints":{"allow":["GET"]}}],"collection":[{"href":"https:\/\/chacosintesis.com.ar\/index.php\/wp-json\/wp\/v2\/posts"}],"about":[{"href":"https:\/\/chacosintesis.com.ar\/index.php\/wp-json\/wp\/v2\/types\/post"}],"author":[{"embeddable":true,"href":"https:\/\/chacosintesis.com.ar\/index.php\/wp-json\/wp\/v2\/users\/1"}],"replies":[{"embeddable":true,"href":"https:\/\/chacosintesis.com.ar\/index.php\/wp-json\/wp\/v2\/comments?post=17085"}],"version-history":[{"count":0,"href":"https:\/\/chacosintesis.com.ar\/index.php\/wp-json\/wp\/v2\/posts\/17085\/revisions"}],"wp:featuredmedia":[{"embeddable":true,"href":"https:\/\/chacosintesis.com.ar\/index.php\/wp-json\/wp\/v2\/media\/17086"}],"wp:attachment":[{"href":"https:\/\/chacosintesis.com.ar\/index.php\/wp-json\/wp\/v2\/media?parent=17085"}],"wp:term":[{"taxonomy":"category","embeddable":true,"href":"https:\/\/chacosintesis.com.ar\/index.php\/wp-json\/wp\/v2\/categories?post=17085"},{"taxonomy":"post_tag","embeddable":true,"href":"https:\/\/chacosintesis.com.ar\/index.php\/wp-json\/wp\/v2\/tags?post=17085"}],"curies":[{"name":"wp","href":"https:\/\/api.w.org\/{rel}","templated":true}]}}