{"id":17081,"date":"2022-09-07T07:57:02","date_gmt":"2022-09-07T10:57:02","guid":{"rendered":"https:\/\/chacosintesis.com.ar\/?p=17081"},"modified":"2022-09-07T08:05:37","modified_gmt":"2022-09-07T11:05:37","slug":"el-sauzalito-tras-la-muerte-de-un-referente-wichi-hubo-protestas-sociales-e-incendiaron-un-vehiculo-oficial","status":"publish","type":"post","link":"https:\/\/chacosintesis.com.ar\/index.php\/el-sauzalito-tras-la-muerte-de-un-referente-wichi-hubo-protestas-sociales-e-incendiaron-un-vehiculo-oficial\/","title":{"rendered":"El Sauzalito: tras la muerte de un referente Wich\u00ed hubo protestas sociales e incendiaron un veh\u00edculo oficial"},"content":{"rendered":"<p>Momentos de m\u00e1xima tensi\u00f3n se vivieron durante la ma\u00f1ana de este martes en una manifestaci\u00f3n encabezada por comunidades originarias que se realizaba en el acceso a la localidad de El Sauzalito, sobre la Ruta Provincial N\u00b09.<br \/>\n Un hombre de la comunidad originaria, identificado como Octavio Fern\u00e1ndez, muri\u00f3 en las \u00faltimas horas. Tras su deceso, durante la ma\u00f1ana de este martes, se produjeron momentos de tensi\u00f3n entre los manifestantes.<br \/>\nSeg\u00fan relat\u00f3 un testigo presencial, un  veh\u00edculo oficial que intent\u00f3 circular fue interceptado por los manifestantes y posteriormente incendiado. Adem\u00e1s, el conductor del veh\u00edculo recibi\u00f3 diversos golpes.<br \/>\n Hay consternaci\u00f3n en la comunidad originaria por la muerte del referente wich\u00ed, quien llevaba varios d\u00edas de protesta en portal de acceso a El Sauzalito. Los primeros informes m\u00e9dicos indican que se tratar\u00eda de una &#8220;muerte dudosa&#8221;.<br \/>\nLos manifestantes permanecen en la zona encabezando una protesta desde el pasado 29 de agosto, en reclamo de asistencia social para la comunidad wich\u00ed.<br \/>\n DIARIO NORTE,.<\/p>\n","protected":false},"excerpt":{"rendered":"<p>Momentos de m\u00e1xima tensi\u00f3n se vivieron durante la ma\u00f1ana de este martes en una manifestaci\u00f3n encabezada por comunidades originarias que se realizaba en el acceso a la localidad de El Sauzalito, sobre la Ruta Provincial N\u00b09. Un hombre de la comunidad originaria, identificado como Octavio Fern\u00e1ndez, muri\u00f3 en las \u00faltimas horas. Tras su deceso, durante [&hellip;]<\/p>\n","protected":false},"author":1,"featured_media":17082,"comment_status":"closed","ping_status":"closed","sticky":false,"template":"","format":"standard","meta":{"footnotes":""},"categories":[6],"tags":[197],"class_list":{"0":"post-17081","1":"post","2":"type-post","3":"status-publish","4":"format-standard","5":"has-post-thumbnail","7":"category-chaco","8":"tag-destacada"},"_links":{"self":[{"href":"https:\/\/chacosintesis.com.ar\/index.php\/wp-json\/wp\/v2\/posts\/17081","targetHints":{"allow":["GET"]}}],"collection":[{"href":"https:\/\/chacosintesis.com.ar\/index.php\/wp-json\/wp\/v2\/posts"}],"about":[{"href":"https:\/\/chacosintesis.com.ar\/index.php\/wp-json\/wp\/v2\/types\/post"}],"author":[{"embeddable":true,"href":"https:\/\/chacosintesis.com.ar\/index.php\/wp-json\/wp\/v2\/users\/1"}],"replies":[{"embeddable":true,"href":"https:\/\/chacosintesis.com.ar\/index.php\/wp-json\/wp\/v2\/comments?post=17081"}],"version-history":[{"count":0,"href":"https:\/\/chacosintesis.com.ar\/index.php\/wp-json\/wp\/v2\/posts\/17081\/revisions"}],"wp:featuredmedia":[{"embeddable":true,"href":"https:\/\/chacosintesis.com.ar\/index.php\/wp-json\/wp\/v2\/media\/17082"}],"wp:attachment":[{"href":"https:\/\/chacosintesis.com.ar\/index.php\/wp-json\/wp\/v2\/media?parent=17081"}],"wp:term":[{"taxonomy":"category","embeddable":true,"href":"https:\/\/chacosintesis.com.ar\/index.php\/wp-json\/wp\/v2\/categories?post=17081"},{"taxonomy":"post_tag","embeddable":true,"href":"https:\/\/chacosintesis.com.ar\/index.php\/wp-json\/wp\/v2\/tags?post=17081"}],"curies":[{"name":"wp","href":"https:\/\/api.w.org\/{rel}","templated":true}]}}